{"id":9452,"date":"2020-01-24T10:28:01","date_gmt":"2020-01-24T09:28:01","guid":{"rendered":"https:\/\/ricardobarojaeskola.educacion.navarra.es\/web\/blog\/2020\/01\/24\/campana-matriculacion\/"},"modified":"2021-02-23T12:53:27","modified_gmt":"2021-02-23T11:53:27","slug":"campana-matriculacion","status":"publish","type":"post","link":"https:\/\/ricardobarojaeskola.educacion.navarra.es\/web\/es\/blog\/2020\/01\/24\/campana-matriculacion\/","title":{"rendered":"CAMPA\u00d1A MATRICULACI\u00d3N"},"content":{"rendered":"\n<p>El tiempo corre y ya ha llegado el momento de escolarizar a tu hijo\/a. El periodo de prematriculaci\u00f3n ser\u00e1 del 3 al 7 de febrero.<\/p>\n\n\n\n<p>Elije modelo D, el modelo de inclusi\u00f3n ling\u00fc\u00edstica,<\/p>\n\n\n\n<p>Ven a conocer nuestra escuela.<\/p>\n\n\n\n<h2 class=\"has-text-align-center\">NO IMPORTA DE D\u00d3NDE VIENES, SINO HA D\u00d3NDE VAMOS!!!<\/h2>\n\n\n\n<figure class=\"wp-block-embed is-type-video is-provider-youtube wp-block-embed-youtube wp-embed-aspect-16-9 wp-has-aspect-ratio\"><div class=\"wp-block-embed__wrapper\">\n<iframe loading=\"lazy\" title=\"Modelo D -2020 ES\" width=\"640\" height=\"360\" src=\"https:\/\/www.youtube.com\/embed\/zBRGkN2tt2U?feature=oembed\" frameborder=\"0\" allow=\"accelerometer; autoplay; encrypted-media; gyroscope; picture-in-picture\" allowfullscreen><\/iframe>\n<\/div><\/figure>\n\n\n\n<figure class=\"wp-block-image size-large\"><img loading=\"lazy\" width=\"724\" height=\"1024\" src=\"https:\/\/ricardobarojaeskola.educacion.navarra.es\/web\/wp-content\/uploads\/2020\/01\/Kartela_A2-724x1024.jpg\" alt=\"\" class=\"wp-image-9444\" srcset=\"https:\/\/ricardobarojaeskola.educacion.navarra.es\/web\/wp-content\/uploads\/2020\/01\/Kartela_A2-724x1024.jpg 724w, https:\/\/ricardobarojaeskola.educacion.navarra.es\/web\/wp-content\/uploads\/2020\/01\/Kartela_A2-212x300.jpg 212w, https:\/\/ricardobarojaeskola.educacion.navarra.es\/web\/wp-content\/uploads\/2020\/01\/Kartela_A2-768x1086.jpg 768w, https:\/\/ricardobarojaeskola.educacion.navarra.es\/web\/wp-content\/uploads\/2020\/01\/Kartela_A2-1086x1536.jpg 1086w, https:\/\/ricardobarojaeskola.educacion.navarra.es\/web\/wp-content\/uploads\/2020\/01\/Kartela_A2-191x270.jpg 191w, https:\/\/ricardobarojaeskola.educacion.navarra.es\/web\/wp-content\/uploads\/2020\/01\/Kartela_A2.jpg 1200w\" sizes=\"(max-width: 724px) 100vw, 724px\" \/><\/figure>\n\n\n\n<figure class=\"wp-block-image size-large\"><img loading=\"lazy\" width=\"730\" height=\"1024\" src=\"https:\/\/ricardobarojaeskola.educacion.navarra.es\/web\/wp-content\/uploads\/2020\/01\/BORTZIRIAK_ESKOLAK-750-730x1024.jpg\" alt=\"\" class=\"wp-image-9427\" srcset=\"https:\/\/ricardobarojaeskola.educacion.navarra.es\/web\/wp-content\/uploads\/2020\/01\/BORTZIRIAK_ESKOLAK-750-730x1024.jpg 730w, https:\/\/ricardobarojaeskola.educacion.navarra.es\/web\/wp-content\/uploads\/2020\/01\/BORTZIRIAK_ESKOLAK-750-214x300.jpg 214w, https:\/\/ricardobarojaeskola.educacion.navarra.es\/web\/wp-content\/uploads\/2020\/01\/BORTZIRIAK_ESKOLAK-750-768x1077.jpg 768w, https:\/\/ricardobarojaeskola.educacion.navarra.es\/web\/wp-content\/uploads\/2020\/01\/BORTZIRIAK_ESKOLAK-750-1095x1536.jpg 1095w, https:\/\/ricardobarojaeskola.educacion.navarra.es\/web\/wp-content\/uploads\/2020\/01\/BORTZIRIAK_ESKOLAK-750-1460x2048.jpg 1460w, https:\/\/ricardobarojaeskola.educacion.navarra.es\/web\/wp-content\/uploads\/2020\/01\/BORTZIRIAK_ESKOLAK-750-192x270.jpg 192w, https:\/\/ricardobarojaeskola.educacion.navarra.es\/web\/wp-content\/uploads\/2020\/01\/BORTZIRIAK_ESKOLAK-750-scaled.jpg 1825w\" sizes=\"(max-width: 730px) 100vw, 730px\" \/><\/figure>\n","protected":false},"excerpt":{"rendered":"<p>El tiempo corre y ya ha llegado el momento de escolarizar a tu hijo\/a. El periodo de prematriculaci\u00f3n ser\u00e1 del 3 al 7 de febrero. Elije modelo D, el modelo de inclusi\u00f3n ling\u00fc\u00edstica, Ven a conocer nuestra escuela. NO IMPORTA DE D\u00d3NDE VIENES, SINO HA D\u00d3NDE VAMOS!!!<\/p>\n","protected":false},"author":1,"featured_media":9433,"comment_status":"closed","ping_status":"closed","sticky":false,"template":"","format":"standard","meta":[],"categories":[67,16],"tags":[],"_links":{"self":[{"href":"https:\/\/ricardobarojaeskola.educacion.navarra.es\/web\/es\/wp-json\/wp\/v2\/posts\/9452"}],"collection":[{"href":"https:\/\/ricardobarojaeskola.educacion.navarra.es\/web\/es\/wp-json\/wp\/v2\/posts"}],"about":[{"href":"https:\/\/ricardobarojaeskola.educacion.navarra.es\/web\/es\/wp-json\/wp\/v2\/types\/post"}],"author":[{"embeddable":true,"href":"https:\/\/ricardobarojaeskola.educacion.navarra.es\/web\/es\/wp-json\/wp\/v2\/users\/1"}],"replies":[{"embeddable":true,"href":"https:\/\/ricardobarojaeskola.educacion.navarra.es\/web\/es\/wp-json\/wp\/v2\/comments?post=9452"}],"version-history":[{"count":3,"href":"https:\/\/ricardobarojaeskola.educacion.navarra.es\/web\/es\/wp-json\/wp\/v2\/posts\/9452\/revisions"}],"predecessor-version":[{"id":10372,"href":"https:\/\/ricardobarojaeskola.educacion.navarra.es\/web\/es\/wp-json\/wp\/v2\/posts\/9452\/revisions\/10372"}],"wp:featuredmedia":[{"embeddable":true,"href":"https:\/\/ricardobarojaeskola.educacion.navarra.es\/web\/es\/wp-json\/wp\/v2\/media\/9433"}],"wp:attachment":[{"href":"https:\/\/ricardobarojaeskola.educacion.navarra.es\/web\/es\/wp-json\/wp\/v2\/media?parent=9452"}],"wp:term":[{"taxonomy":"category","embeddable":true,"href":"https:\/\/ricardobarojaeskola.educacion.navarra.es\/web\/es\/wp-json\/wp\/v2\/categories?post=9452"},{"taxonomy":"post_tag","embeddable":true,"href":"https:\/\/ricardobarojaeskola.educacion.navarra.es\/web\/es\/wp-json\/wp\/v2\/tags?post=9452"}],"curies":[{"name":"wp","href":"https:\/\/api.w.org\/{rel}","templated":true}]}}