{"id":9423,"date":"2019-12-13T11:51:35","date_gmt":"2019-12-13T10:51:35","guid":{"rendered":"https:\/\/ricardobarojaeskola.educacion.navarra.es\/web\/blog\/2019\/12\/13\/lh-3-zikloko-ataria\/"},"modified":"2021-12-02T11:02:33","modified_gmt":"2021-12-02T10:02:33","slug":"lh-3-zikloko-ataria","status":"publish","type":"post","link":"https:\/\/ricardobarojaeskola.educacion.navarra.es\/web\/es\/blog\/2019\/12\/13\/lh-3-zikloko-ataria\/","title":{"rendered":"3er CICLO DE EP"},"content":{"rendered":"\n<figure class=\"wp-block-table is-style-stripes\"><table class=\"has-fixed-layout\"><tbody><tr><td><a href=\"https:\/\/eu.wikipedia.org\/wiki\/Txikipedia:Azala\"><img loading=\"lazy\" width=\"400\" height=\"459\" class=\"wp-image-9323\" style=\"width: 150px;\" src=\"https:\/\/ricardobarojaeskola.educacion.navarra.es\/web\/wp-content\/uploads\/2019\/12\/txikipedia-1.png\" alt=\"txikipedia-1\" srcset=\"https:\/\/ricardobarojaeskola.educacion.navarra.es\/web\/wp-content\/uploads\/2019\/12\/txikipedia-1.png 400w, https:\/\/ricardobarojaeskola.educacion.navarra.es\/web\/wp-content\/uploads\/2019\/12\/txikipedia-1-261x300.png 261w, https:\/\/ricardobarojaeskola.educacion.navarra.es\/web\/wp-content\/uploads\/2019\/12\/txikipedia-1-235x270.png 235w\" sizes=\"(max-width: 400px) 100vw, 400px\" \/><\/a><\/td><td><a href=\"https:\/\/kahoot.com\/\" target=\"_blank\" rel=\"noreferrer noopener\" aria-label=\"&#xFFFC; (erlaitz berrian irekia)\"><img loading=\"lazy\" width=\"696\" height=\"392\" class=\"wp-image-9356\" style=\"width: 150px;\" src=\"https:\/\/ricardobarojaeskola.educacion.navarra.es\/web\/wp-content\/uploads\/2019\/12\/kahoot-1-696x392-1.jpg\" alt=\"kahoot-1\" srcset=\"https:\/\/ricardobarojaeskola.educacion.navarra.es\/web\/wp-content\/uploads\/2019\/12\/kahoot-1-696x392-1.jpg 696w, https:\/\/ricardobarojaeskola.educacion.navarra.es\/web\/wp-content\/uploads\/2019\/12\/kahoot-1-696x392-1-300x169.jpg 300w, https:\/\/ricardobarojaeskola.educacion.navarra.es\/web\/wp-content\/uploads\/2019\/12\/kahoot-1-696x392-1-479x270.jpg 479w\" sizes=\"(max-width: 696px) 100vw, 696px\" \/><\/a><\/td><td><a href=\"https:\/\/hiztegiak.elhuyar.eus\/\" target=\"_blank\" rel=\"noreferrer noopener\" aria-label=\"&#xFFFC; (erlaitz berrian irekia)\"><img loading=\"lazy\" width=\"425\" height=\"430\" class=\"wp-image-9362\" style=\"width: 150px;\" src=\"https:\/\/ricardobarojaeskola.educacion.navarra.es\/web\/wp-content\/uploads\/2019\/12\/1200x630wa-1.png\" alt=\"\" srcset=\"https:\/\/ricardobarojaeskola.educacion.navarra.es\/web\/wp-content\/uploads\/2019\/12\/1200x630wa-1.png 425w, https:\/\/ricardobarojaeskola.educacion.navarra.es\/web\/wp-content\/uploads\/2019\/12\/1200x630wa-1-297x300.png 297w, https:\/\/ricardobarojaeskola.educacion.navarra.es\/web\/wp-content\/uploads\/2019\/12\/1200x630wa-1-267x270.png 267w\" sizes=\"(max-width: 425px) 100vw, 425px\" \/><\/a><\/td><\/tr><\/tbody><\/table><\/figure>\n<hr class=\"wp-block-separator\"\/>\n\n      <div id=\"post-grid-lazy-9308\" class=\"post-grid-lazy\"><img alt=\"\" src=\"\" \/><\/div>\n    <script>\n      jQuery('#post-grid-lazy-9308').ready(function($) {\n        $('#post-grid-lazy-9308').fadeOut();\n        $('#post-grid-9308   ').fadeIn();\n      })\n    <\/script>\n    <style type=\"text\/css\">\n      #post-grid-9308 {\n        display: none;\n      }\n\n      .post-grid-lazy {\n        text-align: center;\n      }\n    <\/style>\n    <div data-options='{&quot;id&quot;:&quot;9308&quot;,&quot;lazy_load&quot;:&quot;yes&quot;,&quot;masonry_enable&quot;:&quot;no&quot;,&quot;view_type&quot;:&quot;grid&quot;}' id=\"post-grid-9308\" class=\"post-grid grid\">\n    \n\n\n    <div class=\"grid-items\">\n      <div class=\"item item-14620 skin flat even 0 \">\n        <div class=\"layer-wrapper layout-9582\">\n          <div class=\"layer-media \"\r\n        id=\"\">\r\n        <div\r\n        class=\"element element_1  element-media \">\r\n        <img width=\"640\" height=\"427\" src=\"https:\/\/ricardobarojaeskola.educacion.navarra.es\/web\/wp-content\/uploads\/2026\/03\/Zuhaitz-landaketa_19-1024x683.jpg\" class=\"attachment-large size-large wp-post-image\" alt=\"\" loading=\"lazy\" \/>    <\/div>\r\n    <\/div>\r\n    <div class=\"layer-content element_3\"\r\n        id=\"\">\r\n        <div class=\"element element_4  title \">\r\n                    <a target=\"\"\r\n                href=\"https:\/\/ricardobarojaeskola.educacion.navarra.es\/web\/es\/blog\/2026\/03\/20\/plantacion-de-castanos\/\">PLANTACI\u00d3N DE CASTA\u00d1OS<\/a>\r\n            <\/div>\r\n    <div\r\n        class=\"element element_5  excerpt_read_more \">\r\n        El pasado 13 de marzo, siguiendo con la tradici\u00f3n de los \u00faltimos a\u00f1os, el alumnado y el profesorado de 5\u00ba        <a target=\"_blank\"\r\n            href=\"https:\/\/ricardobarojaeskola.educacion.navarra.es\/web\/es\/blog\/2026\/03\/20\/plantacion-de-castanos\/\"><\/a>\r\n    <\/div>\r\n    <\/div>\r\n    <\/div>\n  <\/div><div class=\"item item-14622 skin flat odd 1 \">\n        <div class=\"layer-wrapper layout-9582\">\n          <div class=\"layer-media \"\r\n        id=\"\">\r\n        <div\r\n        class=\"element element_1  element-media \">\r\n        <img width=\"640\" height=\"480\" src=\"https:\/\/ricardobarojaeskola.educacion.navarra.es\/web\/wp-content\/uploads\/2026\/03\/IMG_20260303_144730-1024x768.jpg\" class=\"attachment-large size-large wp-post-image\" alt=\"\" loading=\"lazy\" \/>    <\/div>\r\n    <\/div>\r\n    <div class=\"layer-content element_3\"\r\n        id=\"\">\r\n        <div class=\"element element_4  title \">\r\n                    <a target=\"\"\r\n                href=\"https:\/\/ricardobarojaeskola.educacion.navarra.es\/web\/es\/blog\/2026\/03\/06\/hondakin-tailerra\/\">HONDAKIN TAILERRA<\/a>\r\n            <\/div>\r\n    <div\r\n        class=\"element element_5  excerpt_read_more \">\r\n        Joan den asteartean, martxoaren 3an, Bortzirietako Zabor Mankomunitateak antolatuta, hondakin tailer bat izan genuen eskolan. Hondakinak etxean eta eskolan sortzeak        <a target=\"_blank\"\r\n            href=\"https:\/\/ricardobarojaeskola.educacion.navarra.es\/web\/es\/blog\/2026\/03\/06\/hondakin-tailerra\/\"><\/a>\r\n    <\/div>\r\n    <\/div>\r\n    <\/div>\n  <\/div><div class=\"item item-14570 skin flat even 2 \">\n        <div class=\"layer-wrapper layout-9582\">\n          <div class=\"layer-media \"\r\n        id=\"\">\r\n        <div\r\n        class=\"element element_1  element-media \">\r\n        <img width=\"640\" height=\"459\" src=\"https:\/\/ricardobarojaeskola.educacion.navarra.es\/web\/wp-content\/uploads\/2026\/03\/kaiku-1024x735.jpeg\" class=\"attachment-large size-large wp-post-image\" alt=\"\" loading=\"lazy\" \/>    <\/div>\r\n    <\/div>\r\n    <div class=\"layer-content element_3\"\r\n        id=\"\">\r\n        <div class=\"element element_4  title \">\r\n                    <a target=\"\"\r\n                href=\"https:\/\/ricardobarojaeskola.educacion.navarra.es\/web\/es\/blog\/2026\/03\/03\/excursion-a-pamplona-2\/\">EXCURSI\u00d3N A PAMPLONA<\/a>\r\n            <\/div>\r\n    <div\r\n        class=\"element element_5  excerpt_read_more \">\r\n        El pasado viernes, 13 de febrero, el alumnado y el profesorado del 3\u00ba ciclo fuimos a Pamplona. Primero estuvimos en        <a target=\"_blank\"\r\n            href=\"https:\/\/ricardobarojaeskola.educacion.navarra.es\/web\/es\/blog\/2026\/03\/03\/excursion-a-pamplona-2\/\"><\/a>\r\n    <\/div>\r\n    <\/div>\r\n    <\/div>\n  <\/div><div class=\"item item-14463 skin flat odd 3 \">\n        <div class=\"layer-wrapper layout-9582\">\n          <div class=\"layer-media \"\r\n        id=\"\">\r\n        <div\r\n        class=\"element element_1  element-media \">\r\n        <img width=\"640\" height=\"406\" src=\"https:\/\/ricardobarojaeskola.educacion.navarra.es\/web\/wp-content\/uploads\/2026\/02\/irrisarri-1024x649.jpg\" class=\"attachment-large size-large wp-post-image\" alt=\"\" loading=\"lazy\" \/>    <\/div>\r\n    <\/div>\r\n    <div class=\"layer-content element_3\"\r\n        id=\"\">\r\n        <div class=\"element element_4  title \">\r\n                    <a target=\"\"\r\n                href=\"https:\/\/ricardobarojaeskola.educacion.navarra.es\/web\/es\/blog\/2026\/02\/02\/irrisarri\/\">IRRISARRI<\/a>\r\n            <\/div>\r\n    <div\r\n        class=\"element element_5  excerpt_read_more \">\r\n        Este curso fuimos a la acampada antes de lo habitual. El 16 de diciembre todas las escuelas de Bortziri nos        <a target=\"_blank\"\r\n            href=\"https:\/\/ricardobarojaeskola.educacion.navarra.es\/web\/es\/blog\/2026\/02\/02\/irrisarri\/\"><\/a>\r\n    <\/div>\r\n    <\/div>\r\n    <\/div>\n  <\/div><div class=\"item item-14405 skin flat even 4 \">\n        <div class=\"layer-wrapper layout-9582\">\n          <div class=\"layer-media \"\r\n        id=\"\">\r\n        <div\r\n        class=\"element element_1  element-media \">\r\n        <img width=\"640\" height=\"427\" src=\"https:\/\/ricardobarojaeskola.educacion.navarra.es\/web\/wp-content\/uploads\/2026\/01\/eguberriak-1024x683.jpg\" class=\"attachment-large size-large wp-post-image\" alt=\"\" loading=\"lazy\" \/>    <\/div>\r\n    <\/div>\r\n    <div class=\"layer-content element_3\"\r\n        id=\"\">\r\n        <div class=\"element element_4  title \">\r\n                    <a target=\"\"\r\n                href=\"https:\/\/ricardobarojaeskola.educacion.navarra.es\/web\/es\/blog\/2026\/01\/23\/2025-eguberriak\/\">2025 EGUBERRIAK<\/a>\r\n            <\/div>\r\n    <div\r\n        class=\"element element_5  excerpt_read_more \">\r\n        Para despedir el a\u00f1o 2025 recibimos la visita de Olentzero y Mari Domingi. Les cantamos varias canciones y nos repartieron        <a target=\"_blank\"\r\n            href=\"https:\/\/ricardobarojaeskola.educacion.navarra.es\/web\/es\/blog\/2026\/01\/23\/2025-eguberriak\/\"><\/a>\r\n    <\/div>\r\n    <\/div>\r\n    <\/div>\n  <\/div><div class=\"item item-14379 skin flat odd 5 \">\n        <div class=\"layer-wrapper layout-9582\">\n          <div class=\"layer-media \"\r\n        id=\"\">\r\n        <div\r\n        class=\"element element_1  element-media \">\r\n        <img width=\"640\" height=\"480\" src=\"https:\/\/ricardobarojaeskola.educacion.navarra.es\/web\/wp-content\/uploads\/2025\/12\/5887A8BC-AFF0-4460-9D33-1E41D91E2934-1024x768.jpg\" class=\"attachment-large size-large wp-post-image\" alt=\"\" loading=\"lazy\" \/>    <\/div>\r\n    <\/div>\r\n    <div class=\"layer-content element_3\"\r\n        id=\"\">\r\n        <div class=\"element element_4  title \">\r\n                    <a target=\"\"\r\n                href=\"https:\/\/ricardobarojaeskola.educacion.navarra.es\/web\/es\/blog\/2025\/12\/12\/programa-de-radio\/\">PROGRAMA DE RADIO<\/a>\r\n            <\/div>\r\n    <div\r\n        class=\"element element_5  excerpt_read_more \">\r\n        Para conocer m\u00e1s sobre el amplio mundo de los deportes aqu\u00ed ten\u00e9is el programa de radio realizado por la clase        <a target=\"_blank\"\r\n            href=\"https:\/\/ricardobarojaeskola.educacion.navarra.es\/web\/es\/blog\/2025\/12\/12\/programa-de-radio\/\"><\/a>\r\n    <\/div>\r\n    <\/div>\r\n    <\/div>\n  <\/div><div class=\"item item-14196 skin flat even 6 \">\n        <div class=\"layer-wrapper layout-9582\">\n          <div class=\"layer-media \"\r\n        id=\"\">\r\n        <div\r\n        class=\"element element_1  element-media \">\r\n        <img width=\"640\" height=\"413\" src=\"https:\/\/ricardobarojaeskola.educacion.navarra.es\/web\/wp-content\/uploads\/2025\/11\/Captura-de-pantalla-2025-11-04-121959.png\" class=\"attachment-large size-large wp-post-image\" alt=\"\" loading=\"lazy\" \/>    <\/div>\r\n    <\/div>\r\n    <div class=\"layer-content element_3\"\r\n        id=\"\">\r\n        <div class=\"element element_4  title \">\r\n                    <a target=\"\"\r\n                href=\"https:\/\/ricardobarojaeskola.educacion.navarra.es\/web\/es\/blog\/2025\/11\/04\/gau-beltza-2\/\">GAU BELTZA<\/a>\r\n            <\/div>\r\n    <div\r\n        class=\"element element_5  excerpt_read_more \">\r\n        Sacar trapos viejos, encender calabazas apagadas, compartir nuestros miedos, contar historias del desv\u00e1n, cantar \"\u00a1Marauxa, Marauxa!\", quemar los miedos en        <a target=\"_blank\"\r\n            href=\"https:\/\/ricardobarojaeskola.educacion.navarra.es\/web\/es\/blog\/2025\/11\/04\/gau-beltza-2\/\"><\/a>\r\n    <\/div>\r\n    <\/div>\r\n    <\/div>\n  <\/div><div class=\"item item-14120 skin flat odd 7 \">\n        <div class=\"layer-wrapper layout-9582\">\n          <div class=\"layer-media \"\r\n        id=\"\">\r\n        <div\r\n        class=\"element element_1  element-media \">\r\n        <img width=\"640\" height=\"181\" src=\"https:\/\/ricardobarojaeskola.educacion.navarra.es\/web\/wp-content\/uploads\/2025\/10\/10F124D5-2F68-463A-AB9B-9FA4919FCCDC-1024x290.jpg\" class=\"attachment-large size-large wp-post-image\" alt=\"\" loading=\"lazy\" \/>    <\/div>\r\n    <\/div>\r\n    <div class=\"layer-content element_3\"\r\n        id=\"\">\r\n        <div class=\"element element_4  title \">\r\n                    <a target=\"\"\r\n                href=\"https:\/\/ricardobarojaeskola.educacion.navarra.es\/web\/es\/blog\/2025\/10\/13\/un-tren-de-bicicletas\/\">UN TR\u00c9N DE BICICLETAS<\/a>\r\n            <\/div>\r\n    <div\r\n        class=\"element element_5  excerpt_read_more \">\r\n        El 10 de octubre, el alumnado y el profesorado de 5\u00ba y 6\u00ba, fuimos al parque Beltzenia de Hendaia en        <a target=\"_blank\"\r\n            href=\"https:\/\/ricardobarojaeskola.educacion.navarra.es\/web\/es\/blog\/2025\/10\/13\/un-tren-de-bicicletas\/\"><\/a>\r\n    <\/div>\r\n    <\/div>\r\n    <\/div>\n  <\/div><div class=\"item item-14094 skin flat even 8 \">\n        <div class=\"layer-wrapper layout-9582\">\n          <div class=\"layer-media \"\r\n        id=\"\">\r\n        <div\r\n        class=\"element element_1  element-media \">\r\n        <img width=\"640\" height=\"427\" src=\"https:\/\/ricardobarojaeskola.educacion.navarra.es\/web\/wp-content\/uploads\/2025\/10\/IMG_2755-1024x683.jpg\" class=\"attachment-large size-large wp-post-image\" alt=\"\" loading=\"lazy\" \/>    <\/div>\r\n    <\/div>\r\n    <div class=\"layer-content element_3\"\r\n        id=\"\">\r\n        <div class=\"element element_4  title \">\r\n                    <a target=\"\"\r\n                href=\"https:\/\/ricardobarojaeskola.educacion.navarra.es\/web\/es\/blog\/2025\/10\/01\/lizuniaga-4\/\">LIZUNIAGA<\/a>\r\n            <\/div>\r\n    <div\r\n        class=\"element element_5  excerpt_read_more \">\r\n        Como cada a\u00f1o, el alumnado y el profesorado de la escuela hemos realizado la excursi\u00f3n a Lizuniaga. Dejando atr\u00e1s la        <a target=\"_blank\"\r\n            href=\"https:\/\/ricardobarojaeskola.educacion.navarra.es\/web\/es\/blog\/2025\/10\/01\/lizuniaga-4\/\"><\/a>\r\n    <\/div>\r\n    <\/div>\r\n    <\/div>\n  <\/div><div class=\"item item-14081 skin flat odd 9 \">\n        <div class=\"layer-wrapper layout-9582\">\n          <div class=\"layer-media \"\r\n        id=\"\">\r\n        <div\r\n        class=\"element element_1  element-media \">\r\n        <img width=\"640\" height=\"329\" src=\"https:\/\/ricardobarojaeskola.educacion.navarra.es\/web\/wp-content\/uploads\/2025\/09\/kaixo-25-26-1024x527.jpg\" class=\"attachment-large size-large wp-post-image\" alt=\"\" loading=\"lazy\" \/>    <\/div>\r\n    <\/div>\r\n    <div class=\"layer-content element_3\"\r\n        id=\"\">\r\n        <div class=\"element element_4  title \">\r\n                    <a target=\"\"\r\n                href=\"https:\/\/ricardobarojaeskola.educacion.navarra.es\/web\/es\/blog\/2025\/09\/08\/empezamos\/\">EMPEZAMOS !!!<\/a>\r\n            <\/div>\r\n    <div\r\n        class=\"element element_5  excerpt_read_more \">\r\n        VER        <a target=\"_blank\"\r\n            href=\"https:\/\/ricardobarojaeskola.educacion.navarra.es\/web\/es\/blog\/2025\/09\/08\/empezamos\/\"><\/a>\r\n    <\/div>\r\n    <\/div>\r\n    <\/div>\n  <\/div><div class=\"item item-14059 skin flat even 10 \">\n        <div class=\"layer-wrapper layout-9582\">\n          <div class=\"layer-media \"\r\n        id=\"\">\r\n        <div\r\n        class=\"element element_1  element-media \">\r\n        <img width=\"640\" height=\"427\" src=\"https:\/\/ricardobarojaeskola.educacion.navarra.es\/web\/wp-content\/uploads\/2025\/06\/2025LH6Agurra_94-1024x683.jpg\" class=\"attachment-large size-large wp-post-image\" alt=\"\" loading=\"lazy\" \/>    <\/div>\r\n    <\/div>\r\n    <div class=\"layer-content element_3\"\r\n        id=\"\">\r\n        <div class=\"element element_4  title \">\r\n                    <a target=\"\"\r\n                href=\"https:\/\/ricardobarojaeskola.educacion.navarra.es\/web\/es\/blog\/2025\/06\/30\/23-lore\/\">23 LORE<\/a>\r\n            <\/div>\r\n    <div\r\n        class=\"element element_5  excerpt_read_more \">\r\n        Eskolako garaia bukatu zaizue jada Toki Onan duzue hurrengo geltoki, bada. Ikasturte berrian erronka berri aunitz elkar lagunduz gero dena        <a target=\"_blank\"\r\n            href=\"https:\/\/ricardobarojaeskola.educacion.navarra.es\/web\/es\/blog\/2025\/06\/30\/23-lore\/\"><\/a>\r\n    <\/div>\r\n    <\/div>\r\n    <\/div>\n  <\/div><div class=\"item item-14044 skin flat odd 11 \">\n        <div class=\"layer-wrapper layout-9582\">\n          <div class=\"layer-media \"\r\n        id=\"\">\r\n        <div\r\n        class=\"element element_1  element-media \">\r\n        <img width=\"640\" height=\"427\" src=\"https:\/\/ricardobarojaeskola.educacion.navarra.es\/web\/wp-content\/uploads\/2025\/06\/2025-Ekaineko-Jaialdia_201-1024x683.jpg\" class=\"attachment-large size-large wp-post-image\" alt=\"\" loading=\"lazy\" \/>    <\/div>\r\n    <\/div>\r\n    <div class=\"layer-content element_3\"\r\n        id=\"\">\r\n        <div class=\"element element_4  title \">\r\n                    <a target=\"\"\r\n                href=\"https:\/\/ricardobarojaeskola.educacion.navarra.es\/web\/es\/blog\/2025\/06\/18\/fiesta-fin-de-curso-4\/\">FIESTA FIN DE CURSO<\/a>\r\n            <\/div>\r\n    <div\r\n        class=\"element element_5  excerpt_read_more \">\r\n        A lo largo del espect\u00e1culo, entre baile y baile, escucharemos los fragmentos de una conversaci\u00f3n entre Xane, una ni\u00f1a que        <a target=\"_blank\"\r\n            href=\"https:\/\/ricardobarojaeskola.educacion.navarra.es\/web\/es\/blog\/2025\/06\/18\/fiesta-fin-de-curso-4\/\"><\/a>\r\n    <\/div>\r\n    <\/div>\r\n    <\/div>\n  <\/div><div class=\"item item-14023 skin flat even 12 \">\n        <div class=\"layer-wrapper layout-9582\">\n          <div class=\"layer-media \"\r\n        id=\"\">\r\n        <div\r\n        class=\"element element_1  element-media \">\r\n        <img width=\"640\" height=\"480\" src=\"https:\/\/ricardobarojaeskola.educacion.navarra.es\/web\/wp-content\/uploads\/2025\/06\/8F5793D9-01D8-46EE-8EA1-610AA53F38E7-1024x768.jpg\" class=\"attachment-large size-large wp-post-image\" alt=\"\" loading=\"lazy\" \/>    <\/div>\r\n    <\/div>\r\n    <div class=\"layer-content element_3\"\r\n        id=\"\">\r\n        <div class=\"element element_4  title \">\r\n                    <a target=\"\"\r\n                href=\"https:\/\/ricardobarojaeskola.educacion.navarra.es\/web\/es\/blog\/2025\/06\/18\/aurkene-aroka\/\">AURKENE AROKA<\/a>\r\n            <\/div>\r\n    <div\r\n        class=\"element element_5  excerpt_read_more \">\r\n        El alumnado de 5\u00ba curso, relacionado con el programa Mujeres Deportistas de Navarra, recibimos la visita de la pirag\u00fcista Aurkene        <a target=\"_blank\"\r\n            href=\"https:\/\/ricardobarojaeskola.educacion.navarra.es\/web\/es\/blog\/2025\/06\/18\/aurkene-aroka\/\"><\/a>\r\n    <\/div>\r\n    <\/div>\r\n    <\/div>\n  <\/div><div class=\"item item-14009 skin flat odd 13 \">\n        <div class=\"layer-wrapper layout-9582\">\n          <div class=\"layer-media \"\r\n        id=\"\">\r\n        <div\r\n        class=\"element element_1  element-media \">\r\n        <img width=\"640\" height=\"480\" src=\"https:\/\/ricardobarojaeskola.educacion.navarra.es\/web\/wp-content\/uploads\/2025\/06\/xake-1024x768.jpg\" class=\"attachment-large size-large wp-post-image\" alt=\"\" loading=\"lazy\" \/>    <\/div>\r\n    <\/div>\r\n    <div class=\"layer-content element_3\"\r\n        id=\"\">\r\n        <div class=\"element element_4  title \">\r\n                    <a target=\"\"\r\n                href=\"https:\/\/ricardobarojaeskola.educacion.navarra.es\/web\/es\/blog\/2025\/06\/18\/campeonato-de-ajedrez\/\">CAMPEONATO DE AJEDREZ<\/a>\r\n            <\/div>\r\n    <div\r\n        class=\"element element_5  excerpt_read_more \">\r\n        El alumnado de 3\u00ba, 5\u00ba y 6\u00ba de la escuela ha disputado las finales de ajedrez. \u00a1Qu\u00e9 nivel tienen!        <a target=\"_blank\"\r\n            href=\"https:\/\/ricardobarojaeskola.educacion.navarra.es\/web\/es\/blog\/2025\/06\/18\/campeonato-de-ajedrez\/\"><\/a>\r\n    <\/div>\r\n    <\/div>\r\n    <\/div>\n  <\/div><div class=\"item item-13993 skin flat even 14 \">\n        <div class=\"layer-wrapper layout-9582\">\n          <div class=\"layer-media \"\r\n        id=\"\">\r\n        <div\r\n        class=\"element element_1  element-media \">\r\n        <img width=\"640\" height=\"853\" src=\"https:\/\/ricardobarojaeskola.educacion.navarra.es\/web\/wp-content\/uploads\/2025\/06\/772F561F-5D09-4F3C-9EEF-32C723A84753-768x1024.jpg\" class=\"attachment-large size-large wp-post-image\" alt=\"\" loading=\"lazy\" \/>    <\/div>\r\n    <\/div>\r\n    <div class=\"layer-content element_3\"\r\n        id=\"\">\r\n        <div class=\"element element_4  title \">\r\n                    <a target=\"\"\r\n                href=\"https:\/\/ricardobarojaeskola.educacion.navarra.es\/web\/es\/blog\/2025\/06\/16\/zugarramurdi-elizondo\/\">ZUGARRAMURDI-ELIZONDO<\/a>\r\n            <\/div>\r\n    <div\r\n        class=\"element element_5  excerpt_read_more \">\r\n        A punto de finalizar el curso, el alumnado del 3\u00ba ciclo, realiz\u00f3 la \u00faltima salida relacionada con el proyecto. El        <a target=\"_blank\"\r\n            href=\"https:\/\/ricardobarojaeskola.educacion.navarra.es\/web\/es\/blog\/2025\/06\/16\/zugarramurdi-elizondo\/\"><\/a>\r\n    <\/div>\r\n    <\/div>\r\n    <\/div>\n  <\/div><div class=\"item item-13939 skin flat odd 15 \">\n        <div class=\"layer-wrapper layout-9582\">\n          <div class=\"layer-media \"\r\n        id=\"\">\r\n        <div\r\n        class=\"element element_1  element-media \">\r\n        <img width=\"640\" height=\"427\" src=\"https:\/\/ricardobarojaeskola.educacion.navarra.es\/web\/wp-content\/uploads\/2025\/05\/2025Zuhatza_94-1024x683.jpg\" class=\"attachment-large size-large wp-post-image\" alt=\"\" loading=\"lazy\" \/>    <\/div>\r\n    <\/div>\r\n    <div class=\"layer-content element_3\"\r\n        id=\"\">\r\n        <div class=\"element element_4  title \">\r\n                    <a target=\"\"\r\n                href=\"https:\/\/ricardobarojaeskola.educacion.navarra.es\/web\/es\/blog\/2025\/05\/26\/zuaza\/\">ZUAZA<\/a>\r\n            <\/div>\r\n    <div\r\n        class=\"element element_5  excerpt_read_more \">\r\n        El curso escolar est\u00e1 a punto de finalizar y en el campamento hemos estado juntos todo el alumnado y profesorado        <a target=\"_blank\"\r\n            href=\"https:\/\/ricardobarojaeskola.educacion.navarra.es\/web\/es\/blog\/2025\/05\/26\/zuaza\/\"><\/a>\r\n    <\/div>\r\n    <\/div>\r\n    <\/div>\n  <\/div><div class=\"item item-13927 skin flat even 16 \">\n        <div class=\"layer-wrapper layout-9582\">\n          <div class=\"layer-media \"\r\n        id=\"\">\r\n        <div\r\n        class=\"element element_1  element-media \">\r\n        <img width=\"640\" height=\"480\" src=\"https:\/\/ricardobarojaeskola.educacion.navarra.es\/web\/wp-content\/uploads\/2025\/05\/8A7D61A5-2BF9-43B1-BD00-323762BA9933-1024x768.jpg\" class=\"attachment-large size-large wp-post-image\" alt=\"\" loading=\"lazy\" \/>    <\/div>\r\n    <\/div>\r\n    <div class=\"layer-content element_3\"\r\n        id=\"\">\r\n        <div class=\"element element_4  title \">\r\n                    <a target=\"\"\r\n                href=\"https:\/\/ricardobarojaeskola.educacion.navarra.es\/web\/es\/blog\/2025\/05\/26\/desayuno-saludable\/\">DESAYUNO SALUDABLE<\/a>\r\n            <\/div>\r\n    <div\r\n        class=\"element element_5  excerpt_read_more \">\r\n        Relacionado con el proyecto Cuerpo y h\u00e1bitos saludables, el alumnado de 5\u00ba recibimos la visita de la dietista Ixiar Andueza.        <a target=\"_blank\"\r\n            href=\"https:\/\/ricardobarojaeskola.educacion.navarra.es\/web\/es\/blog\/2025\/05\/26\/desayuno-saludable\/\"><\/a>\r\n    <\/div>\r\n    <\/div>\r\n    <\/div>\n  <\/div><div class=\"item item-13916 skin flat odd 17 \">\n        <div class=\"layer-wrapper layout-9582\">\n          <div class=\"layer-media \"\r\n        id=\"\">\r\n        <div\r\n        class=\"element element_1  element-media \">\r\n        <img width=\"640\" height=\"480\" src=\"https:\/\/ricardobarojaeskola.educacion.navarra.es\/web\/wp-content\/uploads\/2025\/05\/C50CF961-8981-4255-AC4B-9E302F600702-1024x768.jpg\" class=\"attachment-large size-large wp-post-image\" alt=\"\" loading=\"lazy\" \/>    <\/div>\r\n    <\/div>\r\n    <div class=\"layer-content element_3\"\r\n        id=\"\">\r\n        <div class=\"element element_4  title \">\r\n                    <a target=\"\"\r\n                href=\"https:\/\/ricardobarojaeskola.educacion.navarra.es\/web\/es\/blog\/2025\/05\/26\/generacion-tras-generacion\/\">GENERACI\u00d3N TRAS GENERACI\u00d3N<\/a>\r\n            <\/div>\r\n    <div\r\n        class=\"element element_5  excerpt_read_more \">\r\n        Durante este curso tambi\u00e9n, el alumnado del tercer ciclo, ha realizado varias visitas a la Residencia de Ancianos San Jos\u00e9.        <a target=\"_blank\"\r\n            href=\"https:\/\/ricardobarojaeskola.educacion.navarra.es\/web\/es\/blog\/2025\/05\/26\/generacion-tras-generacion\/\"><\/a>\r\n    <\/div>\r\n    <\/div>\r\n    <\/div>\n  <\/div><div class=\"item item-13898 skin flat even 18 \">\n        <div class=\"layer-wrapper layout-9582\">\n          <div class=\"layer-media \"\r\n        id=\"\">\r\n        <div\r\n        class=\"element element_1  element-media \">\r\n        <img width=\"640\" height=\"947\" src=\"https:\/\/ricardobarojaeskola.educacion.navarra.es\/web\/wp-content\/uploads\/2025\/05\/20250514_1252262-692x1024.jpg\" class=\"attachment-large size-large wp-post-image\" alt=\"\" loading=\"lazy\" \/>    <\/div>\r\n    <\/div>\r\n    <div class=\"layer-content element_3\"\r\n        id=\"\">\r\n        <div class=\"element element_4  title \">\r\n                    <a target=\"\"\r\n                href=\"https:\/\/ricardobarojaeskola.educacion.navarra.es\/web\/es\/blog\/2025\/05\/14\/elkar-mugituz-egingo-dugu\/\">ELKAR MUGITUZ EGINGO DUGU!<\/a>\r\n            <\/div>\r\n    <div\r\n        class=\"element element_5  excerpt_read_more \">\r\n        La 4\u00aa edici\u00f3n de Euskaraldia se celebrar\u00e1 en 2025. A diferencia de los tres anteriores, ser\u00e1 en primavera, del 15        <a target=\"_blank\"\r\n            href=\"https:\/\/ricardobarojaeskola.educacion.navarra.es\/web\/es\/blog\/2025\/05\/14\/elkar-mugituz-egingo-dugu\/\"><\/a>\r\n    <\/div>\r\n    <\/div>\r\n    <\/div>\n  <\/div><div class=\"item item-13775 skin flat odd 19 \">\n        <div class=\"layer-wrapper layout-9582\">\n          <div class=\"layer-media \"\r\n        id=\"\">\r\n        <div\r\n        class=\"element element_1  element-media \">\r\n        <img width=\"640\" height=\"480\" src=\"https:\/\/ricardobarojaeskola.educacion.navarra.es\/web\/wp-content\/uploads\/2025\/03\/bazkaria.jpg-1024x768.png\" class=\"attachment-large size-large wp-post-image\" alt=\"\" loading=\"lazy\" \/>    <\/div>\r\n    <\/div>\r\n    <div class=\"layer-content element_3\"\r\n        id=\"\">\r\n        <div class=\"element element_4  title \">\r\n                    <a target=\"\"\r\n                href=\"https:\/\/ricardobarojaeskola.educacion.navarra.es\/web\/es\/blog\/2025\/03\/21\/zingar-arraultze\/\">ZINGAR-ARRAULTZE<\/a>\r\n            <\/div>\r\n    <div\r\n        class=\"element element_5  excerpt_read_more \">\r\n        El martes pasado, el alumnado de 6\u00b0 prepar\u00f3 la comida con lo regido en el \"zingar arraultze\".\u00a1\u00a1Estaba todo buen\u00edsimo!!        <a target=\"_blank\"\r\n            href=\"https:\/\/ricardobarojaeskola.educacion.navarra.es\/web\/es\/blog\/2025\/03\/21\/zingar-arraultze\/\"><\/a>\r\n    <\/div>\r\n    <\/div>\r\n    <\/div>\n  <\/div><div class=\"item item-13730 skin flat even 20 \">\n        <div class=\"layer-wrapper layout-9582\">\n          <div class=\"layer-media \"\r\n        id=\"\">\r\n        <div\r\n        class=\"element element_1  element-media \">\r\n        <img width=\"640\" height=\"418\" src=\"https:\/\/ricardobarojaeskola.educacion.navarra.es\/web\/wp-content\/uploads\/2025\/03\/Screenshot_4.jpg\" class=\"attachment-large size-large wp-post-image\" alt=\"\" loading=\"lazy\" \/>    <\/div>\r\n    <\/div>\r\n    <div class=\"layer-content element_3\"\r\n        id=\"\">\r\n        <div class=\"element element_4  title \">\r\n                    <a target=\"\"\r\n                href=\"https:\/\/ricardobarojaeskola.educacion.navarra.es\/web\/es\/blog\/2025\/03\/17\/platacion-de-arbolado\/\">PLATACI\u00d3N DE ARBOLADO<\/a>\r\n            <\/div>\r\n    <div\r\n        class=\"element element_5  excerpt_read_more \">\r\n        El pasado 14 de marzo, el alumnado y el profesorado de 5\u00ba y 6\u00ba curso de la escuela Ricardo Baroja,        <a target=\"_blank\"\r\n            href=\"https:\/\/ricardobarojaeskola.educacion.navarra.es\/web\/es\/blog\/2025\/03\/17\/platacion-de-arbolado\/\"><\/a>\r\n    <\/div>\r\n    <\/div>\r\n    <\/div>\n  <\/div><div class=\"item item-13688 skin flat odd 21 \">\n        <div class=\"layer-wrapper layout-9582\">\n          <div class=\"layer-media \"\r\n        id=\"\">\r\n        <div\r\n        class=\"element element_1  element-media \">\r\n        <img width=\"640\" height=\"427\" src=\"https:\/\/ricardobarojaeskola.educacion.navarra.es\/web\/wp-content\/uploads\/2025\/03\/Bilbo_32-1024x683.jpg\" class=\"attachment-large size-large wp-post-image\" alt=\"\" loading=\"lazy\" \/>    <\/div>\r\n    <\/div>\r\n    <div class=\"layer-content element_3\"\r\n        id=\"\">\r\n        <div class=\"element element_4  title \">\r\n                    <a target=\"\"\r\n                href=\"https:\/\/ricardobarojaeskola.educacion.navarra.es\/web\/es\/blog\/2025\/03\/11\/bilbora\/\">BILBORA<\/a>\r\n            <\/div>\r\n    <div\r\n        class=\"element element_5  excerpt_read_more \">\r\n        El 28 de febrero, el alumnado y el profesorado de 5\u00ba y 6\u00ba curso, partimos temprano hacia Bilbao. All\u00ed tuvimos        <a target=\"_blank\"\r\n            href=\"https:\/\/ricardobarojaeskola.educacion.navarra.es\/web\/es\/blog\/2025\/03\/11\/bilbora\/\"><\/a>\r\n    <\/div>\r\n    <\/div>\r\n    <\/div>\n  <\/div><div class=\"item item-13630 skin flat even 22 \">\n        <div class=\"layer-wrapper layout-9582\">\n          <div class=\"layer-media \"\r\n        id=\"\">\r\n        <div\r\n        class=\"element element_1  element-media \">\r\n        <img width=\"640\" height=\"480\" src=\"https:\/\/ricardobarojaeskola.educacion.navarra.es\/web\/wp-content\/uploads\/2025\/01\/267C89A4-ACF8-45AF-8D7E-C138A81CDABF-1024x768.jpg\" class=\"attachment-large size-large wp-post-image\" alt=\"\" loading=\"lazy\" \/>    <\/div>\r\n    <\/div>\r\n    <div class=\"layer-content element_3\"\r\n        id=\"\">\r\n        <div class=\"element element_4  title \">\r\n                    <a target=\"\"\r\n                href=\"https:\/\/ricardobarojaeskola.educacion.navarra.es\/web\/es\/blog\/2025\/01\/29\/visita-a-pamplona\/\">VISITA A PAMPLONA<\/a>\r\n            <\/div>\r\n    <div\r\n        class=\"element element_5  excerpt_read_more \">\r\n        El pasado viernes, 24 de enero, el alumnado y el profesorado del 3\u00ba ciclo nos fuimos a Pamplona. Primero y        <a target=\"_blank\"\r\n            href=\"https:\/\/ricardobarojaeskola.educacion.navarra.es\/web\/es\/blog\/2025\/01\/29\/visita-a-pamplona\/\"><\/a>\r\n    <\/div>\r\n    <\/div>\r\n    <\/div>\n  <\/div><div class=\"item item-13568 skin flat odd 23 \">\n        <div class=\"layer-wrapper layout-9582\">\n          <div class=\"layer-media \"\r\n        id=\"\">\r\n        <div\r\n        class=\"element element_1  element-media \">\r\n        <img width=\"640\" height=\"426\" src=\"https:\/\/ricardobarojaeskola.educacion.navarra.es\/web\/wp-content\/uploads\/2025\/01\/Eguberriak_58-1024x682.jpg\" class=\"attachment-large size-large wp-post-image\" alt=\"\" loading=\"lazy\" \/>    <\/div>\r\n    <\/div>\r\n    <div class=\"layer-content element_3\"\r\n        id=\"\">\r\n        <div class=\"element element_4  title \">\r\n                    <a target=\"\"\r\n                href=\"https:\/\/ricardobarojaeskola.educacion.navarra.es\/web\/es\/blog\/2025\/01\/09\/eguberri-on-2\/\">EGUBERRI ON!!!<\/a>\r\n            <\/div>\r\n    <div\r\n        class=\"element element_5  excerpt_read_more \">\r\n        Para despedir el a\u00f1o 2024, recibimos la visita de Olentzero y Mari Domingi. Les cantamos varias canciones, como de costumbre        <a target=\"_blank\"\r\n            href=\"https:\/\/ricardobarojaeskola.educacion.navarra.es\/web\/es\/blog\/2025\/01\/09\/eguberri-on-2\/\"><\/a>\r\n    <\/div>\r\n    <\/div>\r\n    <\/div>\n  <\/div><div class=\"item item-13553 skin flat even 24 \">\n        <div class=\"layer-wrapper layout-9582\">\n          <div class=\"layer-media \"\r\n        id=\"\">\r\n        <div\r\n        class=\"element element_1  element-media \">\r\n        <img width=\"640\" height=\"303\" src=\"https:\/\/ricardobarojaeskola.educacion.navarra.es\/web\/wp-content\/uploads\/2025\/01\/20241217_101933-1024x484.jpg\" class=\"attachment-large size-large wp-post-image\" alt=\"\" loading=\"lazy\" \/>    <\/div>\r\n    <\/div>\r\n    <div class=\"layer-content element_3\"\r\n        id=\"\">\r\n        <div class=\"element element_4  title \">\r\n                    <a target=\"\"\r\n                href=\"https:\/\/ricardobarojaeskola.educacion.navarra.es\/web\/es\/blog\/2025\/01\/08\/educacion-vial-3\/\">EDUCAC\u00cdON VIAL<\/a>\r\n            <\/div>\r\n    <div\r\n        class=\"element element_5  excerpt_read_more \">\r\n        Los d\u00edas 16, 17 y 18 de diciembre el alumnado de primaria de nuestra escuela, particip\u00f3 en actividades de Educaci\u00f3n        <a target=\"_blank\"\r\n            href=\"https:\/\/ricardobarojaeskola.educacion.navarra.es\/web\/es\/blog\/2025\/01\/08\/educacion-vial-3\/\"><\/a>\r\n    <\/div>\r\n    <\/div>\r\n    <\/div>\n  <\/div><div class=\"item item-13494 skin flat odd 25 \">\n        <div class=\"layer-wrapper layout-9582\">\n          <div class=\"layer-media \"\r\n        id=\"\">\r\n        <div\r\n        class=\"element element_1  element-media \">\r\n        <img width=\"640\" height=\"427\" src=\"https:\/\/ricardobarojaeskola.educacion.navarra.es\/web\/wp-content\/uploads\/2024\/12\/EUSKARAREN-EGUNA_37-1024x683.jpg\" class=\"attachment-large size-large wp-post-image\" alt=\"\" loading=\"lazy\" \/>    <\/div>\r\n    <\/div>\r\n    <div class=\"layer-content element_3\"\r\n        id=\"\">\r\n        <div class=\"element element_4  title \">\r\n                    <a target=\"\"\r\n                href=\"https:\/\/ricardobarojaeskola.educacion.navarra.es\/web\/es\/blog\/2024\/12\/16\/euskararen-eguna-6\/\">EUSKARAREN EGUNA<\/a>\r\n            <\/div>\r\n    <div\r\n        class=\"element element_5  excerpt_read_more \">\r\n        El pasado 4 de diciembre celebramos el D\u00eda del Euskera. Comenzamos la celebraci\u00f3n en la Casa de Cultura y all\u00ed        <a target=\"_blank\"\r\n            href=\"https:\/\/ricardobarojaeskola.educacion.navarra.es\/web\/es\/blog\/2024\/12\/16\/euskararen-eguna-6\/\"><\/a>\r\n    <\/div>\r\n    <\/div>\r\n    <\/div>\n  <\/div><div class=\"item item-13474 skin flat even 26 \">\n        <div class=\"layer-wrapper layout-9582\">\n          <div class=\"layer-media \"\r\n        id=\"\">\r\n        <div\r\n        class=\"element element_1  element-media \">\r\n        <img width=\"320\" height=\"240\" src=\"https:\/\/ricardobarojaeskola.educacion.navarra.es\/web\/wp-content\/uploads\/2024\/11\/image2.png\" class=\"attachment-large size-large wp-post-image\" alt=\"\" loading=\"lazy\" \/>    <\/div>\r\n    <\/div>\r\n    <div class=\"layer-content element_3\"\r\n        id=\"\">\r\n        <div class=\"element element_4  title \">\r\n                    <a target=\"\"\r\n                href=\"https:\/\/ricardobarojaeskola.educacion.navarra.es\/web\/es\/blog\/2024\/11\/28\/la-radio\/\">LA RADIO<\/a>\r\n            <\/div>\r\n    <div\r\n        class=\"element element_5  excerpt_read_more \">\r\n        Artistas radiof\u00f3nicos el alumnado de 6\u00ba. Cada grupo grab\u00f3 un programa. Esperamos que os gusten. \u00a1\u00a1Disfruta de nuestras emisoras!! BASATIAK        <a target=\"_blank\"\r\n            href=\"https:\/\/ricardobarojaeskola.educacion.navarra.es\/web\/es\/blog\/2024\/11\/28\/la-radio\/\"><\/a>\r\n    <\/div>\r\n    <\/div>\r\n    <\/div>\n  <\/div><div class=\"item item-13455 skin flat odd 27 \">\n        <div class=\"layer-wrapper layout-9582\">\n          <div class=\"layer-media \"\r\n        id=\"\">\r\n        <div\r\n        class=\"element element_1  element-media \">\r\n        <img width=\"640\" height=\"360\" src=\"https:\/\/ricardobarojaeskola.educacion.navarra.es\/web\/wp-content\/uploads\/2024\/11\/EB94525C-6DF8-4928-BA47-0E209EACC7D5-1024x576.jpg\" class=\"attachment-large size-large wp-post-image\" alt=\"\" loading=\"lazy\" \/>    <\/div>\r\n    <\/div>\r\n    <div class=\"layer-content element_3\"\r\n        id=\"\">\r\n        <div class=\"element element_4  title \">\r\n                    <a target=\"\"\r\n                href=\"https:\/\/ricardobarojaeskola.educacion.navarra.es\/web\/es\/blog\/2024\/11\/26\/25-noviembre-dia-internacional-contra-la-violencia-hacia-las-mujeres\/\">25 NOVIEMBRE D\u00cdA INTERNACIONAL CONTRA LA VIOLENCIA HACIA LAS MUJERES<\/a>\r\n            <\/div>\r\n    <div\r\n        class=\"element element_5  excerpt_read_more \">\r\n                <a target=\"_blank\"\r\n            href=\"https:\/\/ricardobarojaeskola.educacion.navarra.es\/web\/es\/blog\/2024\/11\/26\/25-noviembre-dia-internacional-contra-la-violencia-hacia-las-mujeres\/\"><\/a>\r\n    <\/div>\r\n    <\/div>\r\n    <\/div>\n  <\/div><div class=\"item item-13414 skin flat even 28 \">\n        <div class=\"layer-wrapper layout-9582\">\n          <div class=\"layer-media \"\r\n        id=\"\">\r\n        <div\r\n        class=\"element element_1  element-media \">\r\n        <img width=\"640\" height=\"457\" src=\"https:\/\/ricardobarojaeskola.educacion.navarra.es\/web\/wp-content\/uploads\/2024\/11\/9EAC9117-5638-43F5-8A1A-E714BE030935-1024x731.jpg\" class=\"attachment-large size-large wp-post-image\" alt=\"\" loading=\"lazy\" \/>    <\/div>\r\n    <\/div>\r\n    <div class=\"layer-content element_3\"\r\n        id=\"\">\r\n        <div class=\"element element_4  title \">\r\n                    <a target=\"\"\r\n                href=\"https:\/\/ricardobarojaeskola.educacion.navarra.es\/web\/es\/blog\/2024\/11\/26\/lesaka-feriak\/\">LESAKA FERIAK<\/a>\r\n            <\/div>\r\n    <div\r\n        class=\"element element_5  excerpt_read_more \">\r\n        El pasado 21 de noviembre, alumnado del 3\u00ba ciclo de Primaria, acudi\u00f3 en bicicleta a las Ferias de Lesaka. All\u00ed,        <a target=\"_blank\"\r\n            href=\"https:\/\/ricardobarojaeskola.educacion.navarra.es\/web\/es\/blog\/2024\/11\/26\/lesaka-feriak\/\"><\/a>\r\n    <\/div>\r\n    <\/div>\r\n    <\/div>\n  <\/div><div class=\"item item-13334 skin flat odd 29 \">\n        <div class=\"layer-wrapper layout-9582\">\n          <div class=\"layer-media \"\r\n        id=\"\">\r\n        <div\r\n        class=\"element element_1  element-media \">\r\n        <img width=\"640\" height=\"360\" src=\"https:\/\/ricardobarojaeskola.educacion.navarra.es\/web\/wp-content\/uploads\/2024\/11\/1730665957808-1024x576.jpg\" class=\"attachment-large size-large wp-post-image\" alt=\"\" loading=\"lazy\" \/>    <\/div>\r\n    <\/div>\r\n    <div class=\"layer-content element_3\"\r\n        id=\"\">\r\n        <div class=\"element element_4  title \">\r\n                    <a target=\"\"\r\n                href=\"https:\/\/ricardobarojaeskola.educacion.navarra.es\/web\/es\/blog\/2024\/11\/04\/halloween-4\/\">HALLOWEEN<\/a>\r\n            <\/div>\r\n    <div\r\n        class=\"element element_5  excerpt_read_more \">\r\n        Un a\u00f1o m\u00e1s hemos organizado un concurso escolar con motivo de Gau Beltza y Halloween. Por un lado, como hasta        <a target=\"_blank\"\r\n            href=\"https:\/\/ricardobarojaeskola.educacion.navarra.es\/web\/es\/blog\/2024\/11\/04\/halloween-4\/\"><\/a>\r\n    <\/div>\r\n    <\/div>\r\n    <\/div>\n  <\/div><div class=\"item item-13303 skin flat even 30 \">\n        <div class=\"layer-wrapper layout-9582\">\n          <div class=\"layer-media \"\r\n        id=\"\">\r\n        <div\r\n        class=\"element element_1  element-media \">\r\n        <img width=\"640\" height=\"480\" src=\"https:\/\/ricardobarojaeskola.educacion.navarra.es\/web\/wp-content\/uploads\/2024\/10\/5B024584-1F84-45E6-864A-C0BF713CF752-1024x768.jpg\" class=\"attachment-large size-large wp-post-image\" alt=\"\" loading=\"lazy\" \/>    <\/div>\r\n    <\/div>\r\n    <div class=\"layer-content element_3\"\r\n        id=\"\">\r\n        <div class=\"element element_4  title \">\r\n                    <a target=\"\"\r\n                href=\"https:\/\/ricardobarojaeskola.educacion.navarra.es\/web\/es\/blog\/2024\/10\/30\/lurraren-eguna\/\">LURRAREN EGUNA<\/a>\r\n            <\/div>\r\n    <div\r\n        class=\"element element_5  excerpt_read_more \">\r\n        Como todos los a\u00f1os el cuarto domingo de octubre celebramos \u201cLurraren Eguna\u201d. Gracias a las manualidades realizadas en la escuela        <a target=\"_blank\"\r\n            href=\"https:\/\/ricardobarojaeskola.educacion.navarra.es\/web\/es\/blog\/2024\/10\/30\/lurraren-eguna\/\"><\/a>\r\n    <\/div>\r\n    <\/div>\r\n    <\/div>\n  <\/div><div class=\"item item-13260 skin flat odd 31 \">\n        <div class=\"layer-wrapper layout-9582\">\n          <div class=\"layer-media \"\r\n        id=\"\">\r\n        <div\r\n        class=\"element element_1  element-media \">\r\n        <img width=\"640\" height=\"427\" src=\"https:\/\/ricardobarojaeskola.educacion.navarra.es\/web\/wp-content\/uploads\/2024\/10\/Ekaitz-Bertiz_4-1024x683.jpg\" class=\"attachment-large size-large wp-post-image\" alt=\"\" loading=\"lazy\" \/>    <\/div>\r\n    <\/div>\r\n    <div class=\"layer-content element_3\"\r\n        id=\"\">\r\n        <div class=\"element element_4  title \">\r\n                    <a target=\"\"\r\n                href=\"https:\/\/ricardobarojaeskola.educacion.navarra.es\/web\/es\/blog\/2024\/10\/21\/ekaitz-bertiz\/\">EKAITZ BERTIZ<\/a>\r\n            <\/div>\r\n    <div\r\n        class=\"element element_5  excerpt_read_more \">\r\n        Este curso el alumnado del tercer ciclo estamos realizando un peque\u00f1o proyecto sobre el cine. Por ello, recibimos la visita        <a target=\"_blank\"\r\n            href=\"https:\/\/ricardobarojaeskola.educacion.navarra.es\/web\/es\/blog\/2024\/10\/21\/ekaitz-bertiz\/\"><\/a>\r\n    <\/div>\r\n    <\/div>\r\n    <\/div>\n  <\/div><div class=\"item item-13245 skin flat even 32 \">\n        <div class=\"layer-wrapper layout-9582\">\n          <div class=\"layer-media \"\r\n        id=\"\">\r\n        <div\r\n        class=\"element element_1  element-media \">\r\n        <img width=\"640\" height=\"480\" src=\"https:\/\/ricardobarojaeskola.educacion.navarra.es\/web\/wp-content\/uploads\/2024\/10\/1B63D6A8-1BAF-4B5D-854A-51BB2ED7868F-1024x768.jpg\" class=\"attachment-large size-large wp-post-image\" alt=\"\" loading=\"lazy\" \/>    <\/div>\r\n    <\/div>\r\n    <div class=\"layer-content element_3\"\r\n        id=\"\">\r\n        <div class=\"element element_4  title \">\r\n                    <a target=\"\"\r\n                href=\"https:\/\/ricardobarojaeskola.educacion.navarra.es\/web\/es\/blog\/2024\/10\/15\/hendaia-en-bicicleta\/\">HENDAIA EN BICICLETA<\/a>\r\n            <\/div>\r\n    <div\r\n        class=\"element element_5  excerpt_read_more \">\r\n        El 11 de octubre, el alumnado y el profesorado de 5\u00ba y 6\u00ba curso, fuimos en bicicleta al parque Beltzenia        <a target=\"_blank\"\r\n            href=\"https:\/\/ricardobarojaeskola.educacion.navarra.es\/web\/es\/blog\/2024\/10\/15\/hendaia-en-bicicleta\/\"><\/a>\r\n    <\/div>\r\n    <\/div>\r\n    <\/div>\n  <\/div><div class=\"item item-13217 skin flat odd 33 \">\n        <div class=\"layer-wrapper layout-9582\">\n          <div class=\"layer-media \"\r\n        id=\"\">\r\n        <div\r\n        class=\"element element_1  element-media \">\r\n        <img width=\"640\" height=\"480\" src=\"https:\/\/ricardobarojaeskola.educacion.navarra.es\/web\/wp-content\/uploads\/2024\/10\/DFEA5929-B9F4-4DA0-98AF-52A08E2CF48F-1024x768.jpg\" class=\"attachment-large size-large wp-post-image\" alt=\"\" loading=\"lazy\" \/>    <\/div>\r\n    <\/div>\r\n    <div class=\"layer-content element_3\"\r\n        id=\"\">\r\n        <div class=\"element element_4  title \">\r\n                    <a target=\"\"\r\n                href=\"https:\/\/ricardobarojaeskola.educacion.navarra.es\/web\/es\/blog\/2024\/10\/01\/72-donostiako-zinemaldia\/\">72. DONOSTIAKO ZINEMALDIA<\/a>\r\n            <\/div>\r\n    <div\r\n        class=\"element element_5  excerpt_read_more \">\r\n        Este a\u00f1o tambi\u00e9n el alumnado de 2\u00ba y 3\u00ba ciclo hemos asistido al Festival de Cine de San Sebasti\u00e1n. Vimos        <a target=\"_blank\"\r\n            href=\"https:\/\/ricardobarojaeskola.educacion.navarra.es\/web\/es\/blog\/2024\/10\/01\/72-donostiako-zinemaldia\/\"><\/a>\r\n    <\/div>\r\n    <\/div>\r\n    <\/div>\n  <\/div><div class=\"item item-13135 skin flat even 34 \">\n        <div class=\"layer-wrapper layout-9582\">\n          <div class=\"layer-media \"\r\n        id=\"\">\r\n        <div\r\n        class=\"element element_1  element-media \">\r\n        <img width=\"640\" height=\"382\" src=\"https:\/\/ricardobarojaeskola.educacion.navarra.es\/web\/wp-content\/uploads\/2024\/06\/Screenshot_1.jpg\" class=\"attachment-large size-large wp-post-image\" alt=\"\" loading=\"lazy\" \/>    <\/div>\r\n    <\/div>\r\n    <div class=\"layer-content element_3\"\r\n        id=\"\">\r\n        <div class=\"element element_4  title \">\r\n                    <a target=\"\"\r\n                href=\"https:\/\/ricardobarojaeskola.educacion.navarra.es\/web\/es\/blog\/2024\/06\/21\/izan-huntsa\/\">IZAN HUNTSA<\/a>\r\n            <\/div>\r\n    <div\r\n        class=\"element element_5  excerpt_read_more \">\r\n        Ver imagenes AQUI        <a target=\"_blank\"\r\n            href=\"https:\/\/ricardobarojaeskola.educacion.navarra.es\/web\/es\/blog\/2024\/06\/21\/izan-huntsa\/\"><\/a>\r\n    <\/div>\r\n    <\/div>\r\n    <\/div>\n  <\/div><div class=\"item item-13099 skin flat odd 35 \">\n        <div class=\"layer-wrapper layout-9582\">\n          <div class=\"layer-media \"\r\n        id=\"\">\r\n        <div\r\n        class=\"element element_1  element-media \">\r\n        <img width=\"640\" height=\"427\" src=\"https:\/\/ricardobarojaeskola.educacion.navarra.es\/web\/wp-content\/uploads\/2024\/06\/2024-jaialdia_203-1024x683.jpg\" class=\"attachment-large size-large wp-post-image\" alt=\"\" loading=\"lazy\" \/>    <\/div>\r\n    <\/div>\r\n    <div class=\"layer-content element_3\"\r\n        id=\"\">\r\n        <div class=\"element element_4  title \">\r\n                    <a target=\"\"\r\n                href=\"https:\/\/ricardobarojaeskola.educacion.navarra.es\/web\/es\/blog\/2024\/06\/17\/publos-del-mundo\/\">PUBLOS DEL MUNDO<\/a>\r\n            <\/div>\r\n    <div\r\n        class=\"element element_5  excerpt_read_more \">\r\n        El pasado 15 de junio, s\u00e1bado, y para cerrar el curso, dimos un salto desde Ricardo Baroja a algunos pa\u00edses        <a target=\"_blank\"\r\n            href=\"https:\/\/ricardobarojaeskola.educacion.navarra.es\/web\/es\/blog\/2024\/06\/17\/publos-del-mundo\/\"><\/a>\r\n    <\/div>\r\n    <\/div>\r\n    <\/div>\n  <\/div><div class=\"item item-13086 skin flat even 36 \">\n        <div class=\"layer-wrapper layout-9582\">\n          <div class=\"layer-media \"\r\n        id=\"\">\r\n        <div\r\n        class=\"element element_1  element-media \">\r\n        <img width=\"640\" height=\"427\" src=\"https:\/\/ricardobarojaeskola.educacion.navarra.es\/web\/wp-content\/uploads\/2024\/06\/Baratza_7-1-1024x683.jpg\" class=\"attachment-large size-large wp-post-image\" alt=\"\" loading=\"lazy\" \/>    <\/div>\r\n    <\/div>\r\n    <div class=\"layer-content element_3\"\r\n        id=\"\">\r\n        <div class=\"element element_4  title \">\r\n                    <a target=\"\"\r\n                href=\"https:\/\/ricardobarojaeskola.educacion.navarra.es\/web\/es\/blog\/2024\/06\/17\/el-huerto-3\/\">EL HUERTO<\/a>\r\n            <\/div>\r\n    <div\r\n        class=\"element element_5  excerpt_read_more \">\r\n        El alumnado de sexto curso, este \u00faltimo trimestre, hemos iniciado el proyecto \"Baratza\" con el objetivo de darle continuidad el        <a target=\"_blank\"\r\n            href=\"https:\/\/ricardobarojaeskola.educacion.navarra.es\/web\/es\/blog\/2024\/06\/17\/el-huerto-3\/\"><\/a>\r\n    <\/div>\r\n    <\/div>\r\n    <\/div>\n  <\/div><div class=\"item item-13065 skin flat odd 37 \">\n        <div class=\"layer-wrapper layout-9582\">\n          <div class=\"layer-media \"\r\n        id=\"\">\r\n        <div\r\n        class=\"element element_1  element-media \">\r\n        <img width=\"640\" height=\"427\" src=\"https:\/\/ricardobarojaeskola.educacion.navarra.es\/web\/wp-content\/uploads\/2024\/06\/Hamaiketakoa_1-1024x683.jpg\" class=\"attachment-large size-large wp-post-image\" alt=\"\" loading=\"lazy\" \/>    <\/div>\r\n    <\/div>\r\n    <div class=\"layer-content element_3\"\r\n        id=\"\">\r\n        <div class=\"element element_4  title \">\r\n                    <a target=\"\"\r\n                href=\"https:\/\/ricardobarojaeskola.educacion.navarra.es\/web\/es\/blog\/2024\/06\/05\/almuerzos\/\">HAMAIKETAKOA<\/a>\r\n            <\/div>\r\n    <div\r\n        class=\"element element_5  excerpt_read_more \">\r\n        El alumnado del 3er ciclo ha visitado el Hogar del Jubilado San Jos\u00e9 varias veces durante este curso, cada grupo        <a target=\"_blank\"\r\n            href=\"https:\/\/ricardobarojaeskola.educacion.navarra.es\/web\/es\/blog\/2024\/06\/05\/almuerzos\/\"><\/a>\r\n    <\/div>\r\n    <\/div>\r\n    <\/div>\n  <\/div><div class=\"item item-13054 skin flat even 38 \">\n        <div class=\"layer-wrapper layout-9582\">\n          <div class=\"layer-media \"\r\n        id=\"\">\r\n        <div\r\n        class=\"element element_1  element-media \">\r\n        <img width=\"640\" height=\"480\" src=\"https:\/\/ricardobarojaeskola.educacion.navarra.es\/web\/wp-content\/uploads\/2024\/05\/photo_5967672761201573597_y-1024x768.jpg\" class=\"attachment-large size-large wp-post-image\" alt=\"\" loading=\"lazy\" \/>    <\/div>\r\n    <\/div>\r\n    <div class=\"layer-content element_3\"\r\n        id=\"\">\r\n        <div class=\"element element_4  title \">\r\n                    <a target=\"\"\r\n                href=\"https:\/\/ricardobarojaeskola.educacion.navarra.es\/web\/es\/blog\/2024\/05\/31\/agur-maiatza-agur\/\">AGUR MAIATZA AGUR<\/a>\r\n            <\/div>\r\n    <div\r\n        class=\"element element_5  excerpt_read_more \">\r\n        Hoy han hecho una gran fiesta en el comedor para celebrar el \u00faltimo d\u00eda de mayo. \u00a1\u00a1Viva las trabajadoras del        <a target=\"_blank\"\r\n            href=\"https:\/\/ricardobarojaeskola.educacion.navarra.es\/web\/es\/blog\/2024\/05\/31\/agur-maiatza-agur\/\"><\/a>\r\n    <\/div>\r\n    <\/div>\r\n    <\/div>\n  <\/div><div class=\"item item-13035 skin flat odd 39 \">\n        <div class=\"layer-wrapper layout-9582\">\n          <div class=\"layer-media \"\r\n        id=\"\">\r\n        <div\r\n        class=\"element element_1  element-media \">\r\n        <img width=\"640\" height=\"426\" src=\"https:\/\/ricardobarojaeskola.educacion.navarra.es\/web\/wp-content\/uploads\/2024\/05\/Zugarramurdi_2-1024x682.jpg\" class=\"attachment-large size-large wp-post-image\" alt=\"\" loading=\"lazy\" \/>    <\/div>\r\n    <\/div>\r\n    <div class=\"layer-content element_3\"\r\n        id=\"\">\r\n        <div class=\"element element_4  title \">\r\n                    <a target=\"\"\r\n                href=\"https:\/\/ricardobarojaeskola.educacion.navarra.es\/web\/es\/blog\/2024\/05\/28\/proyectos\/\">PROYECTOS<\/a>\r\n            <\/div>\r\n    <div\r\n        class=\"element element_5  excerpt_read_more \">\r\n        23 de mayo El alumando de quinto y sexto fuimos a Arizkun y Zugarramurdi, respectivamente. Fuimos en autob\u00fas y all\u00ed        <a target=\"_blank\"\r\n            href=\"https:\/\/ricardobarojaeskola.educacion.navarra.es\/web\/es\/blog\/2024\/05\/28\/proyectos\/\"><\/a>\r\n    <\/div>\r\n    <\/div>\r\n    <\/div>\n  <\/div><div class=\"item item-13025 skin flat even 40 \">\n        <div class=\"layer-wrapper layout-9582\">\n          <div class=\"layer-media \"\r\n        id=\"\">\r\n        <div\r\n        class=\"element element_1  element-media \">\r\n        <img width=\"640\" height=\"427\" src=\"https:\/\/ricardobarojaeskola.educacion.navarra.es\/web\/wp-content\/uploads\/2024\/05\/Jon-Arretxe-1024x683.jpg\" class=\"attachment-large size-large wp-post-image\" alt=\"\" loading=\"lazy\" \/>    <\/div>\r\n    <\/div>\r\n    <div class=\"layer-content element_3\"\r\n        id=\"\">\r\n        <div class=\"element element_4  title \">\r\n                    <a target=\"\"\r\n                href=\"https:\/\/ricardobarojaeskola.educacion.navarra.es\/web\/es\/blog\/2024\/05\/23\/harresi-handirantz\/\">HARRESI HANDIRANTZ<\/a>\r\n            <\/div>\r\n    <div\r\n        class=\"element element_5  excerpt_read_more \">\r\n        Qu\u00e9 lejos est\u00e1 la Gran Muralla y qu\u00e9 cercano se nos hizo Jon Arretxe. El libro que le\u00edmos estaba basado        <a target=\"_blank\"\r\n            href=\"https:\/\/ricardobarojaeskola.educacion.navarra.es\/web\/es\/blog\/2024\/05\/23\/harresi-handirantz\/\"><\/a>\r\n    <\/div>\r\n    <\/div>\r\n    <\/div>\n  <\/div><div class=\"item item-12989 skin flat odd 41 \">\n        <div class=\"layer-wrapper layout-9582\">\n          <div class=\"layer-media \"\r\n        id=\"\">\r\n        <div\r\n        class=\"element element_1  element-media \">\r\n        <img width=\"640\" height=\"480\" src=\"https:\/\/ricardobarojaeskola.educacion.navarra.es\/web\/wp-content\/uploads\/2024\/05\/A890CB1F-70FB-4F67-81F7-326BBD299566-1024x768.jpg\" class=\"attachment-large size-large wp-post-image\" alt=\"\" loading=\"lazy\" \/>    <\/div>\r\n    <\/div>\r\n    <div class=\"layer-content element_3\"\r\n        id=\"\">\r\n        <div class=\"element element_4  title \">\r\n                    <a target=\"\"\r\n                href=\"https:\/\/ricardobarojaeskola.educacion.navarra.es\/web\/es\/blog\/2024\/05\/06\/olimpiadas\/\">OLIMPIADAS<\/a>\r\n            <\/div>\r\n    <div\r\n        class=\"element element_5  excerpt_read_more \">\r\n        Organizado por el alumnado de 5\u00ba, \u00a1ya han comenzado los campeonatos deportivos escolares!        <a target=\"_blank\"\r\n            href=\"https:\/\/ricardobarojaeskola.educacion.navarra.es\/web\/es\/blog\/2024\/05\/06\/olimpiadas\/\"><\/a>\r\n    <\/div>\r\n    <\/div>\r\n    <\/div>\n  <\/div><div class=\"item item-12954 skin flat even 42 \">\n        <div class=\"layer-wrapper layout-9582\">\n          <div class=\"layer-media \"\r\n        id=\"\">\r\n        <div\r\n        class=\"element element_1  element-media \">\r\n        <img width=\"640\" height=\"480\" src=\"https:\/\/ricardobarojaeskola.educacion.navarra.es\/web\/wp-content\/uploads\/2024\/04\/A15B29B9-5BDA-454D-875B-6F97E63EB818-1024x768.jpg\" class=\"attachment-large size-large wp-post-image\" alt=\"\" loading=\"lazy\" \/>    <\/div>\r\n    <\/div>\r\n    <div class=\"layer-content element_3\"\r\n        id=\"\">\r\n        <div class=\"element element_4  title \">\r\n                    <a target=\"\"\r\n                href=\"https:\/\/ricardobarojaeskola.educacion.navarra.es\/web\/es\/blog\/2024\/04\/23\/dia-internacional-del-libro\/\">D\u00cdA INTERNACIONAL DEL LIBRO<\/a>\r\n            <\/div>\r\n    <div\r\n        class=\"element element_5  excerpt_read_more \">\r\n        Un a\u00f1o m\u00e1s hemos celebrado el D\u00eda Internacional del Libro en la escuela. A primera hora de la ma\u00f1ana, el        <a target=\"_blank\"\r\n            href=\"https:\/\/ricardobarojaeskola.educacion.navarra.es\/web\/es\/blog\/2024\/04\/23\/dia-internacional-del-libro\/\"><\/a>\r\n    <\/div>\r\n    <\/div>\r\n    <\/div>\n  <\/div><div class=\"item item-12928 skin flat odd 43 \">\n        <div class=\"layer-wrapper layout-9582\">\n          <div class=\"layer-media \"\r\n        id=\"\">\r\n        <div\r\n        class=\"element element_1  element-media \">\r\n        <img width=\"640\" height=\"480\" src=\"https:\/\/ricardobarojaeskola.educacion.navarra.es\/web\/wp-content\/uploads\/2024\/04\/72A80DA7-F96E-43C6-B6C5-F0874E3AF517-1024x768.jpg\" class=\"attachment-large size-large wp-post-image\" alt=\"\" loading=\"lazy\" \/>    <\/div>\r\n    <\/div>\r\n    <div class=\"layer-content element_3\"\r\n        id=\"\">\r\n        <div class=\"element element_4  title \">\r\n                    <a target=\"\"\r\n                href=\"https:\/\/ricardobarojaeskola.educacion.navarra.es\/web\/es\/blog\/2024\/04\/11\/comics\/\">COMICS<\/a>\r\n            <\/div>\r\n    <div\r\n        class=\"element element_5  excerpt_read_more \">\r\n        El pasado 9 de abril, el alumnado de 6\u00ba recibi\u00f3 la visita del dibujante de c\u00f3mic Joseba Larratxe. Estuvimos muy        <a target=\"_blank\"\r\n            href=\"https:\/\/ricardobarojaeskola.educacion.navarra.es\/web\/es\/blog\/2024\/04\/11\/comics\/\"><\/a>\r\n    <\/div>\r\n    <\/div>\r\n    <\/div>\n  <\/div><div class=\"item item-12884 skin flat even 44 \">\n        <div class=\"layer-wrapper layout-9582\">\n          <div class=\"layer-media \"\r\n        id=\"\">\r\n        <div\r\n        class=\"element element_1  element-media \">\r\n        <img width=\"640\" height=\"427\" src=\"https:\/\/ricardobarojaeskola.educacion.navarra.es\/web\/wp-content\/uploads\/2024\/03\/ADFCC4AF-9DAA-48F5-9A07-5E4895D02B4A.jpg\" class=\"attachment-large size-large wp-post-image\" alt=\"\" loading=\"lazy\" \/>    <\/div>\r\n    <\/div>\r\n    <div class=\"layer-content element_3\"\r\n        id=\"\">\r\n        <div class=\"element element_4  title \">\r\n                    <a target=\"\"\r\n                href=\"https:\/\/ricardobarojaeskola.educacion.navarra.es\/web\/es\/blog\/2024\/03\/25\/harro-herri-23-korrika\/\">HARRO HERRI 23. KORRIKA<\/a>\r\n            <\/div>\r\n    <div\r\n        class=\"element element_5  excerpt_read_more \">\r\n        Este a\u00f1o hemos corrido la vig\u00e9simo tercera Korrika. Como la Korrika oficial pasaba a las cuatro de la ma\u00f1ana del        <a target=\"_blank\"\r\n            href=\"https:\/\/ricardobarojaeskola.educacion.navarra.es\/web\/es\/blog\/2024\/03\/25\/harro-herri-23-korrika\/\"><\/a>\r\n    <\/div>\r\n    <\/div>\r\n    <\/div>\n  <\/div><div class=\"item item-12769 skin flat odd 45 \">\n        <div class=\"layer-wrapper layout-9582\">\n          <div class=\"layer-media \"\r\n        id=\"\">\r\n        <div\r\n        class=\"element element_1  element-media \">\r\n        <img width=\"640\" height=\"427\" src=\"https:\/\/ricardobarojaeskola.educacion.navarra.es\/web\/wp-content\/uploads\/2024\/03\/M8_2-1-1024x683.jpg\" class=\"attachment-large size-large wp-post-image\" alt=\"\" loading=\"lazy\" \/>    <\/div>\r\n    <\/div>\r\n    <div class=\"layer-content element_3\"\r\n        id=\"\">\r\n        <div class=\"element element_4  title \">\r\n                    <a target=\"\"\r\n                href=\"https:\/\/ricardobarojaeskola.educacion.navarra.es\/web\/es\/blog\/2024\/03\/08\/8-de-marzo-2\/\">8 DE MARZO<\/a>\r\n            <\/div>\r\n    <div\r\n        class=\"element element_5  excerpt_read_more \">\r\n        Este a\u00f1o tambi\u00e9n con motivo del 8 de Marzo, nuestra escuela se ha sumado al D\u00eda Internacional de la Mujer.&#013;        <a target=\"_blank\"\r\n            href=\"https:\/\/ricardobarojaeskola.educacion.navarra.es\/web\/es\/blog\/2024\/03\/08\/8-de-marzo-2\/\"><\/a>\r\n    <\/div>\r\n    <\/div>\r\n    <\/div>\n  <\/div><div class=\"item item-12752 skin flat even 46 \">\n        <div class=\"layer-wrapper layout-9582\">\n          <div class=\"layer-media \"\r\n        id=\"\">\r\n        <div\r\n        class=\"element element_1  element-media \">\r\n        <img width=\"640\" height=\"426\" src=\"https:\/\/ricardobarojaeskola.educacion.navarra.es\/web\/wp-content\/uploads\/2024\/03\/Zuhaitzak-landatzen_41-1024x682.jpg\" class=\"attachment-large size-large wp-post-image\" alt=\"\" loading=\"lazy\" \/>    <\/div>\r\n    <\/div>\r\n    <div class=\"layer-content element_3\"\r\n        id=\"\">\r\n        <div class=\"element element_4  title \">\r\n                    <a target=\"\"\r\n                href=\"https:\/\/ricardobarojaeskola.educacion.navarra.es\/web\/es\/blog\/2024\/03\/08\/repoblando-el-monte\/\">REPOBLANDO EL MONTE<\/a>\r\n            <\/div>\r\n    <div\r\n        class=\"element element_5  excerpt_read_more \">\r\n        El pasado jueves, 7 de marzo, el alumnado y el profesorado del tercer ciclo fuimos a plantar secuoyas a Intzola.        <a target=\"_blank\"\r\n            href=\"https:\/\/ricardobarojaeskola.educacion.navarra.es\/web\/es\/blog\/2024\/03\/08\/repoblando-el-monte\/\"><\/a>\r\n    <\/div>\r\n    <\/div>\r\n    <\/div>\n  <\/div><div class=\"item item-12672 skin flat odd 47 \">\n        <div class=\"layer-wrapper layout-9582\">\n          <div class=\"layer-media \"\r\n        id=\"\">\r\n        <div\r\n        class=\"element element_1  element-media \">\r\n        <img width=\"640\" height=\"848\" src=\"https:\/\/ricardobarojaeskola.educacion.navarra.es\/web\/wp-content\/uploads\/2024\/02\/90255494-6B4E-4A74-818F-44FC69C8755E-773x1024.jpg\" class=\"attachment-large size-large wp-post-image\" alt=\"\" loading=\"lazy\" \/>    <\/div>\r\n    <\/div>\r\n    <div class=\"layer-content element_3\"\r\n        id=\"\">\r\n        <div class=\"element element_4  title \">\r\n                    <a target=\"\"\r\n                href=\"https:\/\/ricardobarojaeskola.educacion.navarra.es\/web\/es\/blog\/2024\/02\/26\/auzolana\/\">AUZOLANA<\/a>\r\n            <\/div>\r\n    <div\r\n        class=\"element element_5  excerpt_read_more \">\r\n        El s\u00e1bado estuvimos de auzolan en la escuela Ricardo Baroja. Familiares, trabajadores y trabajadoras del colegio y parte del alumnado        <a target=\"_blank\"\r\n            href=\"https:\/\/ricardobarojaeskola.educacion.navarra.es\/web\/es\/blog\/2024\/02\/26\/auzolana\/\"><\/a>\r\n    <\/div>\r\n    <\/div>\r\n    <\/div>\n  <\/div><div class=\"item item-12627 skin flat even 48 \">\n        <div class=\"layer-wrapper layout-9582\">\n          <div class=\"layer-media \"\r\n        id=\"\">\r\n        <div\r\n        class=\"element element_1  element-media \">\r\n        <img width=\"640\" height=\"427\" src=\"https:\/\/ricardobarojaeskola.educacion.navarra.es\/web\/wp-content\/uploads\/2024\/02\/inauteri_12-1024x683.jpg\" class=\"attachment-large size-large wp-post-image\" alt=\"\" loading=\"lazy\" \/>    <\/div>\r\n    <\/div>\r\n    <div class=\"layer-content element_3\"\r\n        id=\"\">\r\n        <div class=\"element element_4  title \">\r\n                    <a target=\"\"\r\n                href=\"https:\/\/ricardobarojaeskola.educacion.navarra.es\/web\/es\/blog\/2024\/02\/09\/carnavales-2\/\">CARNAVALES<\/a>\r\n            <\/div>\r\n    <div\r\n        class=\"element element_5  excerpt_read_more \">\r\n        Este a\u00f1o de los Juegos Ol\u00edmpicos, las I\u00f1udes y los Artzaiak hemos dado continuidad a la tradici\u00f3n local. Gracias a        <a target=\"_blank\"\r\n            href=\"https:\/\/ricardobarojaeskola.educacion.navarra.es\/web\/es\/blog\/2024\/02\/09\/carnavales-2\/\"><\/a>\r\n    <\/div>\r\n    <\/div>\r\n    <\/div>\n  <\/div><div class=\"item item-12606 skin flat odd 49 \">\n        <div class=\"layer-wrapper layout-9582\">\n          <div class=\"layer-media \"\r\n        id=\"\">\r\n        <div\r\n        class=\"element element_1  element-media \">\r\n        <img width=\"640\" height=\"479\" src=\"https:\/\/ricardobarojaeskola.educacion.navarra.es\/web\/wp-content\/uploads\/2024\/02\/6180BE8B-7604-4230-8C8B-16DA558CAF2F-1024x766.jpg\" class=\"attachment-large size-large wp-post-image\" alt=\"\" loading=\"lazy\" \/>    <\/div>\r\n    <\/div>\r\n    <div class=\"layer-content element_3\"\r\n        id=\"\">\r\n        <div class=\"element element_4  title \">\r\n                    <a target=\"\"\r\n                href=\"https:\/\/ricardobarojaeskola.educacion.navarra.es\/web\/es\/blog\/2024\/02\/05\/hizkuntza-sekretuak\/\">HIZKUNTZA SEKRETUAK<\/a>\r\n            <\/div>\r\n    <div\r\n        class=\"element element_5  excerpt_read_more \">\r\n        El alumnado de 5\u00ba ha tenido una sesi\u00f3n con Arrate Ega\u00f1a, autora del libro Hizkuntza Sekretuak. La actitud y participaci\u00f3n        <a target=\"_blank\"\r\n            href=\"https:\/\/ricardobarojaeskola.educacion.navarra.es\/web\/es\/blog\/2024\/02\/05\/hizkuntza-sekretuak\/\"><\/a>\r\n    <\/div>\r\n    <\/div>\r\n    <\/div>\n  <\/div><div class=\"item item-12576 skin flat even 50 \">\n        <div class=\"layer-wrapper layout-9582\">\n          <div class=\"layer-media \"\r\n        id=\"\">\r\n        <div\r\n        class=\"element element_1  element-media \">\r\n        <img width=\"640\" height=\"960\" src=\"https:\/\/ricardobarojaeskola.educacion.navarra.es\/web\/wp-content\/uploads\/2024\/01\/sexualitate-tailerra_6-683x1024.jpg\" class=\"attachment-large size-large wp-post-image\" alt=\"\" loading=\"lazy\" \/>    <\/div>\r\n    <\/div>\r\n    <div class=\"layer-content element_3\"\r\n        id=\"\">\r\n        <div class=\"element element_4  title \">\r\n                    <a target=\"\"\r\n                href=\"https:\/\/ricardobarojaeskola.educacion.navarra.es\/web\/es\/blog\/2024\/01\/30\/sexualidad\/\">SEXUALIDAD<\/a>\r\n            <\/div>\r\n    <div\r\n        class=\"element element_5  excerpt_read_more \">\r\n        El alumnado de 6 de primaria participo en el taller de sexualidad. Itsaso respondi\u00f3 a nuestras dudas y preguntas, y        <a target=\"_blank\"\r\n            href=\"https:\/\/ricardobarojaeskola.educacion.navarra.es\/web\/es\/blog\/2024\/01\/30\/sexualidad\/\"><\/a>\r\n    <\/div>\r\n    <\/div>\r\n    <\/div>\n  <\/div><div class=\"item item-12550 skin flat odd 51 \">\n        <div class=\"layer-wrapper layout-9582\">\n          <div class=\"layer-media \"\r\n        id=\"\">\r\n        <div\r\n        class=\"element element_1  element-media \">\r\n        <img width=\"640\" height=\"479\" src=\"https:\/\/ricardobarojaeskola.educacion.navarra.es\/web\/wp-content\/uploads\/2024\/01\/29A6A081-5E37-4092-9B3B-28FC7622217A-1024x766.jpg\" class=\"attachment-large size-large wp-post-image\" alt=\"\" loading=\"lazy\" \/>    <\/div>\r\n    <\/div>\r\n    <div class=\"layer-content element_3\"\r\n        id=\"\">\r\n        <div class=\"element element_4  title \">\r\n                    <a target=\"\"\r\n                href=\"https:\/\/ricardobarojaeskola.educacion.navarra.es\/web\/es\/blog\/2024\/01\/30\/robotika\/\">ROBOTIKA<\/a>\r\n            <\/div>\r\n    <div\r\n        class=\"element element_5  excerpt_read_more \">\r\n        El alumnado de quinto de primaria poco a poco est\u00e1 conociendo el mundo de la rob\u00f3tica        <a target=\"_blank\"\r\n            href=\"https:\/\/ricardobarojaeskola.educacion.navarra.es\/web\/es\/blog\/2024\/01\/30\/robotika\/\"><\/a>\r\n    <\/div>\r\n    <\/div>\r\n    <\/div>\n  <\/div><div class=\"item item-12483 skin flat even 52 \">\n        <div class=\"layer-wrapper layout-9582\">\n          <div class=\"layer-media \"\r\n        id=\"\">\r\n        <div\r\n        class=\"element element_1  element-media \">\r\n        <img width=\"640\" height=\"427\" src=\"https:\/\/ricardobarojaeskola.educacion.navarra.es\/web\/wp-content\/uploads\/2023\/12\/Gure-esku-dago_14-1024x683.jpg\" class=\"attachment-large size-large wp-post-image\" alt=\"\" loading=\"lazy\" \/>    <\/div>\r\n    <\/div>\r\n    <div class=\"layer-content element_3\"\r\n        id=\"\">\r\n        <div class=\"element element_4  title \">\r\n                    <a target=\"\"\r\n                href=\"https:\/\/ricardobarojaeskola.educacion.navarra.es\/web\/es\/blog\/2023\/12\/11\/euskararen-eguna-5\/\">EUSKARAREN EGUNA<\/a>\r\n            <\/div>\r\n    <div\r\n        class=\"element element_5  excerpt_read_more \">\r\n        Aunque el Euskara Eguna de este a\u00f1o era el 3 de diciembre, en el colegio lo celebramos el d\u00eda 5.        <a target=\"_blank\"\r\n            href=\"https:\/\/ricardobarojaeskola.educacion.navarra.es\/web\/es\/blog\/2023\/12\/11\/euskararen-eguna-5\/\"><\/a>\r\n    <\/div>\r\n    <\/div>\r\n    <\/div>\n  <\/div><div class=\"item item-12441 skin flat odd 53 \">\n        <div class=\"layer-wrapper layout-9582\">\n          <div class=\"layer-media \"\r\n        id=\"\">\r\n        <div\r\n        class=\"element element_1  element-media \">\r\n        <img width=\"640\" height=\"479\" src=\"https:\/\/ricardobarojaeskola.educacion.navarra.es\/web\/wp-content\/uploads\/2023\/11\/6742D4F8-7810-4233-900A-FE5D6762C603-1024x767.jpg\" class=\"attachment-large size-large wp-post-image\" alt=\"\" loading=\"lazy\" \/>    <\/div>\r\n    <\/div>\r\n    <div class=\"layer-content element_3\"\r\n        id=\"\">\r\n        <div class=\"element element_4  title \">\r\n                    <a target=\"\"\r\n                href=\"https:\/\/ricardobarojaeskola.educacion.navarra.es\/web\/es\/blog\/2023\/11\/28\/25-noviembre\/\">25 NOVIEMBRE<\/a>\r\n            <\/div>\r\n    <div\r\n        class=\"element element_5  excerpt_read_more \">\r\n        Para mostrar nuestro rechazo a la violencia contra las mujeres hemos realizado diferentes trabajos por edades en el propio aula.        <a target=\"_blank\"\r\n            href=\"https:\/\/ricardobarojaeskola.educacion.navarra.es\/web\/es\/blog\/2023\/11\/28\/25-noviembre\/\"><\/a>\r\n    <\/div>\r\n    <\/div>\r\n    <\/div>\n  <\/div><div class=\"item item-12420 skin flat even 54 \">\n        <div class=\"layer-wrapper layout-9582\">\n          <div class=\"layer-media \"\r\n        id=\"\">\r\n        <div\r\n        class=\"element element_1  element-media \">\r\n        <img width=\"640\" height=\"427\" src=\"https:\/\/ricardobarojaeskola.educacion.navarra.es\/web\/wp-content\/uploads\/2023\/11\/Sare-Sozial-Tailerra_3-1-1024x683.jpg\" class=\"attachment-large size-large wp-post-image\" alt=\"\" loading=\"lazy\" \/>    <\/div>\r\n    <\/div>\r\n    <div class=\"layer-content element_3\"\r\n        id=\"\">\r\n        <div class=\"element element_4  title \">\r\n                    <a target=\"\"\r\n                href=\"https:\/\/ricardobarojaeskola.educacion.navarra.es\/web\/es\/blog\/2023\/11\/27\/redes-sociales\/\">REDES SOCIALES<\/a>\r\n            <\/div>\r\n    <div\r\n        class=\"element element_5  excerpt_read_more \">\r\n        Aitor vino a informarnos sobre los peligros de las redes sociales. Cada grupo le ofreci\u00f3 cuatro sesiones y tuvimos la        <a target=\"_blank\"\r\n            href=\"https:\/\/ricardobarojaeskola.educacion.navarra.es\/web\/es\/blog\/2023\/11\/27\/redes-sociales\/\"><\/a>\r\n    <\/div>\r\n    <\/div>\r\n    <\/div>\n  <\/div><div class=\"item item-12313 skin flat odd 55 \">\n        <div class=\"layer-wrapper layout-9582\">\n          <div class=\"layer-media \"\r\n        id=\"\">\r\n        <div\r\n        class=\"element element_1  element-media \">\r\n        <img width=\"640\" height=\"857\" src=\"https:\/\/ricardobarojaeskola.educacion.navarra.es\/web\/wp-content\/uploads\/2023\/11\/B77DB11C-35FB-4523-9D2E-32F2D37B3219-765x1024.jpg\" class=\"attachment-large size-large wp-post-image\" alt=\"\" loading=\"lazy\" \/>    <\/div>\r\n    <\/div>\r\n    <div class=\"layer-content element_3\"\r\n        id=\"\">\r\n        <div class=\"element element_4  title \">\r\n                    <a target=\"\"\r\n                href=\"https:\/\/ricardobarojaeskola.educacion.navarra.es\/web\/es\/blog\/2023\/11\/06\/arte-reciclado\/\">ARTE RECICLADO<\/a>\r\n            <\/div>\r\n    <div\r\n        class=\"element element_5  excerpt_read_more \">\r\n        El alumnado de 5\u00ba est\u00e1 desarrollando el proyecto Lurraren Eguna eta Auzolana. Han salido al pueblo a buscar basura tirada        <a target=\"_blank\"\r\n            href=\"https:\/\/ricardobarojaeskola.educacion.navarra.es\/web\/es\/blog\/2023\/11\/06\/arte-reciclado\/\"><\/a>\r\n    <\/div>\r\n    <\/div>\r\n    <\/div>\n  <\/div><div class=\"item item-12261 skin flat even 56 \">\n        <div class=\"layer-wrapper layout-9582\">\n          <div class=\"layer-media \"\r\n        id=\"\">\r\n        <div\r\n        class=\"element element_1  element-media \">\r\n        <img width=\"640\" height=\"251\" src=\"https:\/\/ricardobarojaeskola.educacion.navarra.es\/web\/wp-content\/uploads\/2023\/10\/00C92C34-FDBA-4701-BB22-65963155334B-1024x402.jpg\" class=\"attachment-large size-large wp-post-image\" alt=\"\" loading=\"lazy\" \/>    <\/div>\r\n    <\/div>\r\n    <div class=\"layer-content element_3\"\r\n        id=\"\">\r\n        <div class=\"element element_4  title \">\r\n                    <a target=\"\"\r\n                href=\"https:\/\/ricardobarojaeskola.educacion.navarra.es\/web\/es\/blog\/2023\/10\/11\/a-hendaia-en-bicicleta-2\/\">A HENDAIA EN BICICLETA<\/a>\r\n            <\/div>\r\n    <div\r\n        class=\"element element_5  excerpt_read_more \">\r\n        10 de octubre. Bera. 3er ciclo. Para sacar jugo al calor de estos d\u00edas, hemos ido en bicicleta hasta Hendaia,        <a target=\"_blank\"\r\n            href=\"https:\/\/ricardobarojaeskola.educacion.navarra.es\/web\/es\/blog\/2023\/10\/11\/a-hendaia-en-bicicleta-2\/\"><\/a>\r\n    <\/div>\r\n    <\/div>\r\n    <\/div>\n  <\/div><div class=\"item item-12250 skin flat odd 57 \">\n        <div class=\"layer-wrapper layout-9582\">\n          <div class=\"layer-media \"\r\n        id=\"\">\r\n        <div\r\n        class=\"element element_1  element-media \">\r\n        <img width=\"640\" height=\"427\" src=\"https:\/\/ricardobarojaeskola.educacion.navarra.es\/web\/wp-content\/uploads\/2023\/10\/RBZinemaldia-II_192-1024x683.jpg\" class=\"attachment-large size-large wp-post-image\" alt=\"\" loading=\"lazy\" \/>    <\/div>\r\n    <\/div>\r\n    <div class=\"layer-content element_3\"\r\n        id=\"\">\r\n        <div class=\"element element_4  title \">\r\n                    <a target=\"\"\r\n                href=\"https:\/\/ricardobarojaeskola.educacion.navarra.es\/web\/es\/blog\/2023\/10\/10\/welcome-to-zinemaldia\/\">WELCOME TO ZINEMALDIA<\/a>\r\n            <\/div>\r\n    <div\r\n        class=\"element element_5  excerpt_read_more \">\r\n        Para dar la bienvenida al oto\u00f1o,el alumnado de 5\u00ba y 6\u00ba de Primaria, hemos estado en dos festivales diferentes, cada        <a target=\"_blank\"\r\n            href=\"https:\/\/ricardobarojaeskola.educacion.navarra.es\/web\/es\/blog\/2023\/10\/10\/welcome-to-zinemaldia\/\"><\/a>\r\n    <\/div>\r\n    <\/div>\r\n    <\/div>\n  <\/div><div class=\"item item-12203 skin flat even 58 \">\n        <div class=\"layer-wrapper layout-9582\">\n          <div class=\"layer-media \"\r\n        id=\"\">\r\n        <div\r\n        class=\"element element_1  element-media \">\r\n        <img width=\"640\" height=\"427\" src=\"https:\/\/ricardobarojaeskola.educacion.navarra.es\/web\/wp-content\/uploads\/2023\/09\/2023LIZUNIAGA_175-1024x683.jpg\" class=\"attachment-large size-large wp-post-image\" alt=\"\" loading=\"lazy\" \/>    <\/div>\r\n    <\/div>\r\n    <div class=\"layer-content element_3\"\r\n        id=\"\">\r\n        <div class=\"element element_4  title \">\r\n                    <a target=\"\"\r\n                href=\"https:\/\/ricardobarojaeskola.educacion.navarra.es\/web\/es\/blog\/2023\/09\/26\/lizuniaga-2\/\">LIZUNIAGA<\/a>\r\n            <\/div>\r\n    <div\r\n        class=\"element element_5  excerpt_read_more \">\r\n        Para comenzar el nuevo curso hemos retomado la vieja costumbre y hemos subido a Lizuniaga. El pasado lunes, 25 de        <a target=\"_blank\"\r\n            href=\"https:\/\/ricardobarojaeskola.educacion.navarra.es\/web\/es\/blog\/2023\/09\/26\/lizuniaga-2\/\"><\/a>\r\n    <\/div>\r\n    <\/div>\r\n    <\/div>\n  <\/div><div class=\"item item-12130 skin flat odd 59 \">\n        <div class=\"layer-wrapper layout-9582\">\n          <div class=\"layer-media \"\r\n        id=\"\">\r\n        <div\r\n        class=\"element element_1  element-media \">\r\n        <img width=\"640\" height=\"480\" src=\"https:\/\/ricardobarojaeskola.educacion.navarra.es\/web\/wp-content\/uploads\/2023\/06\/IMG_20230621_120438-1024x768.jpg\" class=\"attachment-large size-large wp-post-image\" alt=\"\" loading=\"lazy\" \/>    <\/div>\r\n    <\/div>\r\n    <div class=\"layer-content element_3\"\r\n        id=\"\">\r\n        <div class=\"element element_4  title \">\r\n                    <a target=\"\"\r\n                href=\"https:\/\/ricardobarojaeskola.educacion.navarra.es\/web\/es\/blog\/2023\/06\/27\/ginkana\/\">GINKANA<\/a>\r\n            <\/div>\r\n    <div\r\n        class=\"element element_5  excerpt_read_more \">\r\n        Con el fin de terminar el curso de una manera agradable, el profesorado de la escuela preparar\u00f3 una entretenida gincana        <a target=\"_blank\"\r\n            href=\"https:\/\/ricardobarojaeskola.educacion.navarra.es\/web\/es\/blog\/2023\/06\/27\/ginkana\/\"><\/a>\r\n    <\/div>\r\n    <\/div>\r\n    <\/div>\n  <\/div><div class=\"item item-12059 skin flat even 60 \">\n        <div class=\"layer-wrapper layout-9582\">\n          <div class=\"layer-media \"\r\n        id=\"\">\r\n        <div\r\n        class=\"element element_1  element-media \">\r\n        <img width=\"640\" height=\"480\" src=\"https:\/\/ricardobarojaeskola.educacion.navarra.es\/web\/wp-content\/uploads\/2023\/06\/3B6A76F0-03F7-4E19-84B5-D9454DB8022D-1024x768.jpg\" class=\"attachment-large size-large wp-post-image\" alt=\"\" loading=\"lazy\" \/>    <\/div>\r\n    <\/div>\r\n    <div class=\"layer-content element_3\"\r\n        id=\"\">\r\n        <div class=\"element element_4  title \">\r\n                    <a target=\"\"\r\n                href=\"https:\/\/ricardobarojaeskola.educacion.navarra.es\/web\/es\/blog\/2023\/06\/09\/nahia-duran\/\">NAHIA DUR\u00c1N<\/a>\r\n            <\/div>\r\n    <div\r\n        class=\"element element_5  excerpt_read_more \">\r\n        El pasado lunes 5 de junio recibimos la visita de Naia Dur\u00e1n, jugadora profesional de Waterpolo. Tras explicar su trayectoria        <a target=\"_blank\"\r\n            href=\"https:\/\/ricardobarojaeskola.educacion.navarra.es\/web\/es\/blog\/2023\/06\/09\/nahia-duran\/\"><\/a>\r\n    <\/div>\r\n    <\/div>\r\n    <\/div>\n  <\/div><div class=\"item item-12033 skin flat odd 61 \">\n        <div class=\"layer-wrapper layout-9582\">\n          <div class=\"layer-media \"\r\n        id=\"\">\r\n        <div\r\n        class=\"element element_1  element-media \">\r\n        <img width=\"640\" height=\"426\" src=\"https:\/\/ricardobarojaeskola.educacion.navarra.es\/web\/wp-content\/uploads\/2023\/06\/HONDDARBI-KANPALDIA_21-1024x682.jpg\" class=\"attachment-large size-large wp-post-image\" alt=\"\" loading=\"lazy\" \/>    <\/div>\r\n    <\/div>\r\n    <div class=\"layer-content element_3\"\r\n        id=\"\">\r\n        <div class=\"element element_4  title \">\r\n                    <a target=\"\"\r\n                href=\"https:\/\/ricardobarojaeskola.educacion.navarra.es\/web\/es\/blog\/2023\/06\/07\/de-campamento-en-hondarribia\/\">DE CAMPAMENTO EN HONDARRIBIA<\/a>\r\n            <\/div>\r\n    <div\r\n        class=\"element element_5  excerpt_read_more \">\r\n        El curso est\u00e1 a punto de terminar y tanto el alumnado como el profesorado de 5\u00ba y 6\u00ba, en compa\u00f1\u00eda        <a target=\"_blank\"\r\n            href=\"https:\/\/ricardobarojaeskola.educacion.navarra.es\/web\/es\/blog\/2023\/06\/07\/de-campamento-en-hondarribia\/\"><\/a>\r\n    <\/div>\r\n    <\/div>\r\n    <\/div>\n  <\/div><div class=\"item item-12001 skin flat even 62 \">\n        <div class=\"layer-wrapper layout-9582\">\n          <div class=\"layer-media \"\r\n        id=\"\">\r\n        <div\r\n        class=\"element element_1  element-media \">\r\n        <img width=\"640\" height=\"480\" src=\"https:\/\/ricardobarojaeskola.educacion.navarra.es\/web\/wp-content\/uploads\/2023\/05\/IMG_6089-1024x768.jpg\" class=\"attachment-large size-large wp-post-image\" alt=\"\" loading=\"lazy\" \/>    <\/div>\r\n    <\/div>\r\n    <div class=\"layer-content element_3\"\r\n        id=\"\">\r\n        <div class=\"element element_4  title \">\r\n                    <a target=\"\"\r\n                href=\"https:\/\/ricardobarojaeskola.educacion.navarra.es\/web\/es\/blog\/2023\/05\/18\/jake-mate\/\">JAKE MATE<\/a>\r\n            <\/div>\r\n    <div\r\n        class=\"element element_5  excerpt_read_more \">\r\n        Estos dos \u00faltimos meses hemos organizado un campeonato de ajedrez con el alumnado de 3\u00ba, 4\u00ba, 5\u00ba y 6\u00ba.&#013; &#013;        <a target=\"_blank\"\r\n            href=\"https:\/\/ricardobarojaeskola.educacion.navarra.es\/web\/es\/blog\/2023\/05\/18\/jake-mate\/\"><\/a>\r\n    <\/div>\r\n    <\/div>\r\n    <\/div>\n  <\/div><div class=\"item item-11989 skin flat odd 63 \">\n        <div class=\"layer-wrapper layout-9582\">\n          <div class=\"layer-media \"\r\n        id=\"\">\r\n        <div\r\n        class=\"element element_1  element-media \">\r\n        <img width=\"640\" height=\"427\" src=\"https:\/\/ricardobarojaeskola.educacion.navarra.es\/web\/wp-content\/uploads\/2023\/05\/Arrate-Egana_7-1024x683.jpg\" class=\"attachment-large size-large wp-post-image\" alt=\"\" loading=\"lazy\" \/>    <\/div>\r\n    <\/div>\r\n    <div class=\"layer-content element_3\"\r\n        id=\"\">\r\n        <div class=\"element element_4  title \">\r\n                    <a target=\"\"\r\n                href=\"https:\/\/ricardobarojaeskola.educacion.navarra.es\/web\/es\/blog\/2023\/05\/18\/arrate-egana\/\">ARRATE EGA\u00d1A<\/a>\r\n            <\/div>\r\n    <div\r\n        class=\"element element_5  excerpt_read_more \">\r\n        Durante este curso el alumnado de quinto, hemos leido un libro de Arrate Ega\u00f1a, concretamente \u201chizkuntza\u201dSekretua\u201d. Por este motivo, el        <a target=\"_blank\"\r\n            href=\"https:\/\/ricardobarojaeskola.educacion.navarra.es\/web\/es\/blog\/2023\/05\/18\/arrate-egana\/\"><\/a>\r\n    <\/div>\r\n    <\/div>\r\n    <\/div>\n  <\/div><div class=\"item item-11955 skin flat even 64 \">\n        <div class=\"layer-wrapper layout-9582\">\n          <div class=\"layer-media \"\r\n        id=\"\">\r\n        <div\r\n        class=\"element element_1  element-media \">\r\n        <img width=\"640\" height=\"427\" src=\"https:\/\/ricardobarojaeskola.educacion.navarra.es\/web\/wp-content\/uploads\/2023\/05\/2023-LIBURU-EGUNA_12-1024x683.jpg\" class=\"attachment-large size-large wp-post-image\" alt=\"\" loading=\"lazy\" \/>    <\/div>\r\n    <\/div>\r\n    <div class=\"layer-content element_3\"\r\n        id=\"\">\r\n        <div class=\"element element_4  title \">\r\n                    <a target=\"\"\r\n                href=\"https:\/\/ricardobarojaeskola.educacion.navarra.es\/web\/es\/blog\/2023\/05\/09\/dia-del-libro-3\/\">D\u00cdA DEL LIBRO<\/a>\r\n            <\/div>\r\n    <div\r\n        class=\"element element_5  excerpt_read_more \">\r\n        Aunque el d\u00eda del libro de este a\u00f1o se celebr\u00f3 el 23 de abril, en el colegio lo celebramos el        <a target=\"_blank\"\r\n            href=\"https:\/\/ricardobarojaeskola.educacion.navarra.es\/web\/es\/blog\/2023\/05\/09\/dia-del-libro-3\/\"><\/a>\r\n    <\/div>\r\n    <\/div>\r\n    <\/div>\n  <\/div><div class=\"item item-11936 skin flat odd 65 \">\n        <div class=\"layer-wrapper layout-9582\">\n          <div class=\"layer-media \"\r\n        id=\"\">\r\n        <div\r\n        class=\"element element_1  element-media \">\r\n        <img width=\"640\" height=\"360\" src=\"https:\/\/ricardobarojaeskola.educacion.navarra.es\/web\/wp-content\/uploads\/2023\/05\/WhatsApp-Image-2023-04-27-at-15.04.40-1-1024x576.jpeg\" class=\"attachment-large size-large wp-post-image\" alt=\"\" loading=\"lazy\" \/>    <\/div>\r\n    <\/div>\r\n    <div class=\"layer-content element_3\"\r\n        id=\"\">\r\n        <div class=\"element element_4  title \">\r\n                    <a target=\"\"\r\n                href=\"https:\/\/ricardobarojaeskola.educacion.navarra.es\/web\/es\/blog\/2023\/05\/02\/de-la-casa-de-los-ninos-a-la-casa-de-los-mayores\/\">DE LA CASA DE LOS NI\u00d1OS A LA CASA DE LOS MAYORES<\/a>\r\n            <\/div>\r\n    <div\r\n        class=\"element element_5  excerpt_read_more \">\r\n        En los \u00faltimos meses, el alumnado del tercer ciclo hemos ido unas cuantas veces a la Residencia de Ancianos, para        <a target=\"_blank\"\r\n            href=\"https:\/\/ricardobarojaeskola.educacion.navarra.es\/web\/es\/blog\/2023\/05\/02\/de-la-casa-de-los-ninos-a-la-casa-de-los-mayores\/\"><\/a>\r\n    <\/div>\r\n    <\/div>\r\n    <\/div>\n  <\/div><div class=\"item item-11914 skin flat even 66 \">\n        <div class=\"layer-wrapper layout-9582\">\n          <div class=\"layer-media \"\r\n        id=\"\">\r\n        <div\r\n        class=\"element element_1  element-media \">\r\n        <img width=\"640\" height=\"853\" src=\"https:\/\/ricardobarojaeskola.educacion.navarra.es\/web\/wp-content\/uploads\/2023\/05\/WhatsApp-Image-2023-04-27-at-07.00.40-51-768x1024.jpeg\" class=\"attachment-large size-large wp-post-image\" alt=\"\" loading=\"lazy\" \/>    <\/div>\r\n    <\/div>\r\n    <div class=\"layer-content element_3\"\r\n        id=\"\">\r\n        <div class=\"element element_4  title \">\r\n                    <a target=\"\"\r\n                href=\"https:\/\/ricardobarojaeskola.educacion.navarra.es\/web\/es\/blog\/2023\/05\/02\/campeonato-ajedrez\/\">CAMPEONATO AJEDREZ<\/a>\r\n            <\/div>\r\n    <div\r\n        class=\"element element_5  excerpt_read_more \">\r\n        En el mes de mayo terminar\u00e1 el campeonato de ajedrez que hemos organizado en la escuela para el alumnado de        <a target=\"_blank\"\r\n            href=\"https:\/\/ricardobarojaeskola.educacion.navarra.es\/web\/es\/blog\/2023\/05\/02\/campeonato-ajedrez\/\"><\/a>\r\n    <\/div>\r\n    <\/div>\r\n    <\/div>\n  <\/div><div class=\"item item-11874 skin flat odd 67 \">\n        <div class=\"layer-wrapper layout-9582\">\n          <div class=\"layer-media \"\r\n        id=\"\">\r\n        <div\r\n        class=\"element element_1  element-media \">\r\n        <img width=\"640\" height=\"856\" src=\"https:\/\/ricardobarojaeskola.educacion.navarra.es\/web\/wp-content\/uploads\/2023\/03\/27530135-1dca-4e37-a9de-3ecb3a031b3c-766x1024.jpg\" class=\"attachment-large size-large wp-post-image\" alt=\"\" loading=\"lazy\" \/>    <\/div>\r\n    <\/div>\r\n    <div class=\"layer-content element_3\"\r\n        id=\"\">\r\n        <div class=\"element element_4  title \">\r\n                    <a target=\"\"\r\n                href=\"https:\/\/ricardobarojaeskola.educacion.navarra.es\/web\/es\/blog\/2023\/03\/31\/deportes-acuaticos\/\">DEPORTES ACUATICOS<\/a>\r\n            <\/div>\r\n    <div\r\n        class=\"element element_5  excerpt_read_more \">\r\n        El 21 de marzo el alumnado de sexto fuimos hasta la piscina de Lesaka en bici. All\u00ed pudimos practicar nataci\u00f3n        <a target=\"_blank\"\r\n            href=\"https:\/\/ricardobarojaeskola.educacion.navarra.es\/web\/es\/blog\/2023\/03\/31\/deportes-acuaticos\/\"><\/a>\r\n    <\/div>\r\n    <\/div>\r\n    <\/div>\n  <\/div><div class=\"item item-11830 skin flat even 68 \">\n        <div class=\"layer-wrapper layout-9582\">\n          <div class=\"layer-media \"\r\n        id=\"\">\r\n        <div\r\n        class=\"element element_1  element-media \">\r\n        <img width=\"640\" height=\"426\" src=\"https:\/\/ricardobarojaeskola.educacion.navarra.es\/web\/wp-content\/uploads\/2023\/03\/2022-M8.jpg\" class=\"attachment-large size-large wp-post-image\" alt=\"\" loading=\"lazy\" \/>    <\/div>\r\n    <\/div>\r\n    <div class=\"layer-content element_3\"\r\n        id=\"\">\r\n        <div class=\"element element_4  title \">\r\n                    <a target=\"\"\r\n                href=\"https:\/\/ricardobarojaeskola.educacion.navarra.es\/web\/es\/blog\/2023\/03\/10\/8-de-marzo\/\">8 DE MARZO<\/a>\r\n            <\/div>\r\n    <div\r\n        class=\"element element_5  excerpt_read_more \">\r\n        Este 8 de marzo, nuestra escuela se ha sumado una vez m\u00e1s al D\u00eda Internacional de la Mujer. Se han        <a target=\"_blank\"\r\n            href=\"https:\/\/ricardobarojaeskola.educacion.navarra.es\/web\/es\/blog\/2023\/03\/10\/8-de-marzo\/\"><\/a>\r\n    <\/div>\r\n    <\/div>\r\n    <\/div>\n  <\/div><div class=\"item item-11819 skin flat odd 69 \">\n        <div class=\"layer-wrapper layout-9582\">\n          <div class=\"layer-media \"\r\n        id=\"\">\r\n        <div\r\n        class=\"element element_1  element-media \">\r\n        <img width=\"640\" height=\"960\" src=\"https:\/\/ricardobarojaeskola.educacion.navarra.es\/web\/wp-content\/uploads\/2023\/03\/zuhaitz-landaketa_38-683x1024.jpg\" class=\"attachment-large size-large wp-post-image\" alt=\"\" loading=\"lazy\" \/>    <\/div>\r\n    <\/div>\r\n    <div class=\"layer-content element_3\"\r\n        id=\"\">\r\n        <div class=\"element element_4  title \">\r\n                    <a target=\"\"\r\n                href=\"https:\/\/ricardobarojaeskola.educacion.navarra.es\/web\/es\/blog\/2023\/03\/07\/plantando-arboles\/\">PLANTANDO \u00c1RBOLES<\/a>\r\n            <\/div>\r\n    <div\r\n        class=\"element element_5  excerpt_read_more \">\r\n        El pasado 1 de marzo, el alumnado y el profesorado del tercer ciclo, fuimos a plantar algunos robles al collado        <a target=\"_blank\"\r\n            href=\"https:\/\/ricardobarojaeskola.educacion.navarra.es\/web\/es\/blog\/2023\/03\/07\/plantando-arboles\/\"><\/a>\r\n    <\/div>\r\n    <\/div>\r\n    <\/div>\n  <\/div><div class=\"item item-11805 skin flat even 70 \">\n        <div class=\"layer-wrapper layout-9582\">\n          <div class=\"layer-media \"\r\n        id=\"\">\r\n        <div\r\n        class=\"element element_1  element-media \">\r\n        <img width=\"640\" height=\"426\" src=\"https:\/\/ricardobarojaeskola.educacion.navarra.es\/web\/wp-content\/uploads\/2023\/03\/Rokodromo-salting_5-1024x682.jpg\" class=\"attachment-large size-large wp-post-image\" alt=\"\" loading=\"lazy\" \/>    <\/div>\r\n    <\/div>\r\n    <div class=\"layer-content element_3\"\r\n        id=\"\">\r\n        <div class=\"element element_4  title \">\r\n                    <a target=\"\"\r\n                href=\"https:\/\/ricardobarojaeskola.educacion.navarra.es\/web\/es\/blog\/2023\/03\/06\/rokodromo-salting\/\">ROKODROMO &amp; SALTING<\/a>\r\n            <\/div>\r\n    <div\r\n        class=\"element element_5  excerpt_read_more \">\r\n        El 17 de febrero, el alumnado y el profesorado de quinto y sexto, fuimos a Pamplona en autob\u00fas. Por la        <a target=\"_blank\"\r\n            href=\"https:\/\/ricardobarojaeskola.educacion.navarra.es\/web\/es\/blog\/2023\/03\/06\/rokodromo-salting\/\"><\/a>\r\n    <\/div>\r\n    <\/div>\r\n    <\/div>\n  <\/div><div class=\"item item-11769 skin flat odd 71 \">\n        <div class=\"layer-wrapper layout-9582\">\n          <div class=\"layer-media \"\r\n        id=\"\">\r\n        <div\r\n        class=\"element element_1  element-media \">\r\n        <img width=\"640\" height=\"426\" src=\"https:\/\/ricardobarojaeskola.educacion.navarra.es\/web\/wp-content\/uploads\/2023\/02\/2022-Inauteriak_99.jpg\" class=\"attachment-large size-large wp-post-image\" alt=\"\" loading=\"lazy\" \/>    <\/div>\r\n    <\/div>\r\n    <div class=\"layer-content element_3\"\r\n        id=\"\">\r\n        <div class=\"element element_4  title \">\r\n                    <a target=\"\"\r\n                href=\"https:\/\/ricardobarojaeskola.educacion.navarra.es\/web\/es\/blog\/2023\/02\/28\/inauteriak\/\">I\u00d1AUTERIAK<\/a>\r\n            <\/div>\r\n    <div\r\n        class=\"element element_5  excerpt_read_more \">\r\n        Siguiendo con la tradici\u00f3n y despu\u00e9s de una buena comida, el Jueves Gordo, fuimos cantando y bailando por el pueblo.        <a target=\"_blank\"\r\n            href=\"https:\/\/ricardobarojaeskola.educacion.navarra.es\/web\/es\/blog\/2023\/02\/28\/inauteriak\/\"><\/a>\r\n    <\/div>\r\n    <\/div>\r\n    <\/div>\n  <\/div><div class=\"item item-11758 skin flat even 72 \">\n        <div class=\"layer-wrapper layout-9582\">\n          <div class=\"layer-media \"\r\n        id=\"\">\r\n        <div\r\n        class=\"element element_1  element-media \">\r\n        <img width=\"640\" height=\"478\" src=\"https:\/\/ricardobarojaeskola.educacion.navarra.es\/web\/wp-content\/uploads\/2023\/02\/b53bf0b8-dd8d-4720-9bbe-cf12caae3079-1024x765.jpg\" class=\"attachment-large size-large wp-post-image\" alt=\"\" loading=\"lazy\" \/>    <\/div>\r\n    <\/div>\r\n    <div class=\"layer-content element_3\"\r\n        id=\"\">\r\n        <div class=\"element element_4  title \">\r\n                    <a target=\"\"\r\n                href=\"https:\/\/ricardobarojaeskola.educacion.navarra.es\/web\/es\/blog\/2023\/02\/03\/kirolak\/\">KIROLAK<\/a>\r\n            <\/div>\r\n    <div\r\n        class=\"element element_5  excerpt_read_more \">\r\n        Dentro del proyecto sobre los deportes que est\u00e1 trabajando el alumnado de 6\u00ba, l@aizkolaris Nerea Sorondo y Oier Larretxea, nos        <a target=\"_blank\"\r\n            href=\"https:\/\/ricardobarojaeskola.educacion.navarra.es\/web\/es\/blog\/2023\/02\/03\/kirolak\/\"><\/a>\r\n    <\/div>\r\n    <\/div>\r\n    <\/div>\n  <\/div><div class=\"item item-11736 skin flat odd 73 \">\n        <div class=\"layer-wrapper layout-9582\">\n          <div class=\"layer-media \"\r\n        id=\"\">\r\n        <div\r\n        class=\"element element_1  element-media \">\r\n        <img width=\"640\" height=\"426\" src=\"https:\/\/ricardobarojaeskola.educacion.navarra.es\/web\/wp-content\/uploads\/2023\/01\/2022-Olentzero-Mari-Domingi_13.jpg\" class=\"attachment-large size-large wp-post-image\" alt=\"\" loading=\"lazy\" \/>    <\/div>\r\n    <\/div>\r\n    <div class=\"layer-content element_3\"\r\n        id=\"\">\r\n        <div class=\"element element_4  title \">\r\n                    <a target=\"\"\r\n                href=\"https:\/\/ricardobarojaeskola.educacion.navarra.es\/web\/es\/blog\/2023\/01\/16\/olentzero-y-mari-domingi-2\/\">OLENTZERO Y MARI DOMINGI<\/a>\r\n            <\/div>\r\n    <div\r\n        class=\"element element_5  excerpt_read_more \">\r\n        Para despedir el a\u00f1o 2022, recibimos la visita de Olentzero y Mari Domingi, que vinieron junto a su burro. Primero        <a target=\"_blank\"\r\n            href=\"https:\/\/ricardobarojaeskola.educacion.navarra.es\/web\/es\/blog\/2023\/01\/16\/olentzero-y-mari-domingi-2\/\"><\/a>\r\n    <\/div>\r\n    <\/div>\r\n    <\/div>\n  <\/div><div class=\"item item-11702 skin flat even 74 \">\n        <div class=\"layer-wrapper layout-9582\">\n          <div class=\"layer-media \"\r\n        id=\"\">\r\n        <div\r\n        class=\"element element_1  element-media \">\r\n        <img width=\"640\" height=\"856\" src=\"https:\/\/ricardobarojaeskola.educacion.navarra.es\/web\/wp-content\/uploads\/2022\/12\/1671439686339-766x1024.jpg\" class=\"attachment-large size-large wp-post-image\" alt=\"\" loading=\"lazy\" \/>    <\/div>\r\n    <\/div>\r\n    <div class=\"layer-content element_3\"\r\n        id=\"\">\r\n        <div class=\"element element_4  title \">\r\n                    <a target=\"\"\r\n                href=\"https:\/\/ricardobarojaeskola.educacion.navarra.es\/web\/es\/blog\/2022\/12\/20\/happy-new-year\/\">Happy new year!!!<\/a>\r\n            <\/div>\r\n    <div\r\n        class=\"element element_5  excerpt_read_more \">\r\n        Para finalizar este a\u00f1o 2002, el alumnado de cuarto, quinto y sexto ha pensado en los prop\u00f3sitos que le gustar\u00eda        <a target=\"_blank\"\r\n            href=\"https:\/\/ricardobarojaeskola.educacion.navarra.es\/web\/es\/blog\/2022\/12\/20\/happy-new-year\/\"><\/a>\r\n    <\/div>\r\n    <\/div>\r\n    <\/div>\n  <\/div><div class=\"item item-11671 skin flat odd 75 \">\n        <div class=\"layer-wrapper layout-9582\">\n          <div class=\"layer-media \"\r\n        id=\"\">\r\n        <div\r\n        class=\"element element_1  element-media \">\r\n        <img width=\"640\" height=\"427\" src=\"https:\/\/ricardobarojaeskola.educacion.navarra.es\/web\/wp-content\/uploads\/2022\/12\/euskara-eguna_176-1024x683.jpg\" class=\"attachment-large size-large wp-post-image\" alt=\"\" loading=\"lazy\" \/>    <\/div>\r\n    <\/div>\r\n    <div class=\"layer-content element_3\"\r\n        id=\"\">\r\n        <div class=\"element element_4  title \">\r\n                    <a target=\"\"\r\n                href=\"https:\/\/ricardobarojaeskola.educacion.navarra.es\/web\/es\/blog\/2022\/12\/15\/euskararen-eguna-2022\/\">EUSKARAREN EGUNA 2022<\/a>\r\n            <\/div>\r\n    <div\r\n        class=\"element element_5  excerpt_read_more \">\r\n        Este a\u00f1o tambi\u00e9n recibimos la visita de Ei txo, para celebrar el Euskara eguna y dar por concluido el euskaraldia.        <a target=\"_blank\"\r\n            href=\"https:\/\/ricardobarojaeskola.educacion.navarra.es\/web\/es\/blog\/2022\/12\/15\/euskararen-eguna-2022\/\"><\/a>\r\n    <\/div>\r\n    <\/div>\r\n    <\/div>\n  <\/div><div class=\"item item-11631 skin flat even 76 \">\n        <div class=\"layer-wrapper layout-9582\">\n          <div class=\"layer-media \"\r\n        id=\"\">\r\n        <div\r\n        class=\"element element_1  element-media \">\r\n        <img width=\"640\" height=\"519\" src=\"https:\/\/ricardobarojaeskola.educacion.navarra.es\/web\/wp-content\/uploads\/2022\/11\/16692726881724-1024x830.jpg\" class=\"attachment-large size-large wp-post-image\" alt=\"\" loading=\"lazy\" \/>    <\/div>\r\n    <\/div>\r\n    <div class=\"layer-content element_3\"\r\n        id=\"\">\r\n        <div class=\"element element_4  title \">\r\n                    <a target=\"\"\r\n                href=\"https:\/\/ricardobarojaeskola.educacion.navarra.es\/web\/es\/blog\/2022\/11\/24\/euskaraldia-hasi-da\/\">EUSKARALDIA HASI DA!<\/a>\r\n            <\/div>\r\n    <div\r\n        class=\"element element_5  excerpt_read_more \">\r\n                <a target=\"_blank\"\r\n            href=\"https:\/\/ricardobarojaeskola.educacion.navarra.es\/web\/es\/blog\/2022\/11\/24\/euskaraldia-hasi-da\/\"><\/a>\r\n    <\/div>\r\n    <\/div>\r\n    <\/div>\n  <\/div><div class=\"item item-11591 skin flat odd 77 \">\n        <div class=\"layer-wrapper layout-9582\">\n          <div class=\"layer-media \"\r\n        id=\"\">\r\n        <div\r\n        class=\"element element_1  element-media \">\r\n        <img width=\"640\" height=\"856\" src=\"https:\/\/ricardobarojaeskola.educacion.navarra.es\/web\/wp-content\/uploads\/2022\/11\/1667825120755-766x1024.jpg\" class=\"attachment-large size-large wp-post-image\" alt=\"\" loading=\"lazy\" \/>    <\/div>\r\n    <\/div>\r\n    <div class=\"layer-content element_3\"\r\n        id=\"\">\r\n        <div class=\"element element_4  title \">\r\n                    <a target=\"\"\r\n                href=\"https:\/\/ricardobarojaeskola.educacion.navarra.es\/web\/es\/blog\/2022\/11\/08\/halloween-2\/\">HALLOWEEN<\/a>\r\n            <\/div>\r\n    <div\r\n        class=\"element element_5  excerpt_read_more \">\r\n        Debido a la celebraci\u00f3n de Halloween, este a\u00f1o hemos preparado un concurso de calabazas.&#013; Ha tenido much\u00edsimo \u00e9xito, ya que        <a target=\"_blank\"\r\n            href=\"https:\/\/ricardobarojaeskola.educacion.navarra.es\/web\/es\/blog\/2022\/11\/08\/halloween-2\/\"><\/a>\r\n    <\/div>\r\n    <\/div>\r\n    <\/div>\n  <\/div><div class=\"item item-11567 skin flat even 78 \">\n        <div class=\"layer-wrapper layout-9582\">\n          <div class=\"layer-media \"\r\n        id=\"\">\r\n        <div\r\n        class=\"element element_1  element-media \">\r\n        <img width=\"640\" height=\"426\" src=\"https:\/\/ricardobarojaeskola.educacion.navarra.es\/web\/wp-content\/uploads\/2022\/10\/Lizuniaga_161-1024x682.jpg\" class=\"attachment-large size-large wp-post-image\" alt=\"\" loading=\"lazy\" \/>    <\/div>\r\n    <\/div>\r\n    <div class=\"layer-content element_3\"\r\n        id=\"\">\r\n        <div class=\"element element_4  title \">\r\n                    <a target=\"\"\r\n                href=\"https:\/\/ricardobarojaeskola.educacion.navarra.es\/web\/es\/blog\/2022\/10\/11\/lizuniaga\/\">LIZUNIAGA<\/a>\r\n            <\/div>\r\n    <div\r\n        class=\"element element_5  excerpt_read_more \">\r\n        Despu\u00e9s de no haber ido durante dos a\u00f1os, hemos querido volver a las viejas costumbres. El pasado jueves, 22 de        <a target=\"_blank\"\r\n            href=\"https:\/\/ricardobarojaeskola.educacion.navarra.es\/web\/es\/blog\/2022\/10\/11\/lizuniaga\/\"><\/a>\r\n    <\/div>\r\n    <\/div>\r\n    <\/div>\n  <\/div><div class=\"item item-11550 skin flat odd 79 \">\n        <div class=\"layer-wrapper layout-9582\">\n          <div class=\"layer-media \"\r\n        id=\"\">\r\n        <div\r\n        class=\"element element_1  element-media \">\r\n        <img width=\"640\" height=\"480\" src=\"https:\/\/ricardobarojaeskola.educacion.navarra.es\/web\/wp-content\/uploads\/2022\/09\/IMG_4513-1024x768.jpg\" class=\"attachment-large size-large wp-post-image\" alt=\"\" loading=\"lazy\" \/>    <\/div>\r\n    <\/div>\r\n    <div class=\"layer-content element_3\"\r\n        id=\"\">\r\n        <div class=\"element element_4  title \">\r\n                    <a target=\"\"\r\n                href=\"https:\/\/ricardobarojaeskola.educacion.navarra.es\/web\/es\/blog\/2022\/09\/28\/zinemaldia-2022\/\">ZINEMALDIA 2022<\/a>\r\n            <\/div>\r\n    <div\r\n        class=\"element element_5  excerpt_read_more \">\r\n        Sin faltar un a\u00f1o m\u00e1s a nuestra cita con el Festival de Cine de San Sebasti\u00e1n, el alumnado y profesorado        <a target=\"_blank\"\r\n            href=\"https:\/\/ricardobarojaeskola.educacion.navarra.es\/web\/es\/blog\/2022\/09\/28\/zinemaldia-2022\/\"><\/a>\r\n    <\/div>\r\n    <\/div>\r\n    <\/div>\n  <\/div><div class=\"item item-11534 skin flat even 80 \">\n        <div class=\"layer-wrapper layout-9582\">\n          <div class=\"layer-media \"\r\n        id=\"\">\r\n        <div\r\n        class=\"element element_1  element-media \">\r\n        <img width=\"640\" height=\"480\" src=\"https:\/\/ricardobarojaeskola.educacion.navarra.es\/web\/wp-content\/uploads\/2022\/09\/IMG202209090836241-1024x768.jpg\" class=\"attachment-large size-large wp-post-image\" alt=\"KAIXO 2022-23\" loading=\"lazy\" \/>    <\/div>\r\n    <\/div>\r\n    <div class=\"layer-content element_3\"\r\n        id=\"\">\r\n        <div class=\"element element_4  title \">\r\n                    <a target=\"\"\r\n                href=\"https:\/\/ricardobarojaeskola.educacion.navarra.es\/web\/es\/blog\/2022\/09\/28\/kaixo-2022-23-2\/\">KAIXO 2022-23<\/a>\r\n            <\/div>\r\n    <div\r\n        class=\"element element_5  excerpt_read_more \">\r\n        Las vacaciones de verano han quedado atr\u00e1s y ha llegado la hora de retomar el nuevo curso. Con la intenci\u00f3n        <a target=\"_blank\"\r\n            href=\"https:\/\/ricardobarojaeskola.educacion.navarra.es\/web\/es\/blog\/2022\/09\/28\/kaixo-2022-23-2\/\"><\/a>\r\n    <\/div>\r\n    <\/div>\r\n    <\/div>\n  <\/div><div class=\"item item-11500 skin flat odd 81 \">\n        <div class=\"layer-wrapper layout-9582\">\n          <div class=\"layer-media \"\r\n        id=\"\">\r\n        <div\r\n        class=\"element element_1  element-media \">\r\n        <img width=\"640\" height=\"367\" src=\"https:\/\/ricardobarojaeskola.educacion.navarra.es\/web\/wp-content\/uploads\/2022\/07\/buka.jpg\" class=\"attachment-large size-large wp-post-image\" alt=\"\" loading=\"lazy\" \/>    <\/div>\r\n    <\/div>\r\n    <div class=\"layer-content element_3\"\r\n        id=\"\">\r\n        <div class=\"element element_4  title \">\r\n                    <a target=\"\"\r\n                href=\"https:\/\/ricardobarojaeskola.educacion.navarra.es\/web\/es\/blog\/2022\/07\/01\/fiesta-fin-de-curso-3\/\">FIESTA FIN DE CURSO<\/a>\r\n            <\/div>\r\n    <div\r\n        class=\"element element_5  excerpt_read_more \">\r\n        Para terminar bien el curso 2021-2022 nos fuimos hasta \u00c1frica. \u00a1Fue un viaje lleno de aventuras bailes! VER        <a target=\"_blank\"\r\n            href=\"https:\/\/ricardobarojaeskola.educacion.navarra.es\/web\/es\/blog\/2022\/07\/01\/fiesta-fin-de-curso-3\/\"><\/a>\r\n    <\/div>\r\n    <\/div>\r\n    <\/div>\n  <\/div><div class=\"item item-11478 skin flat even 82 \">\n        <div class=\"layer-wrapper layout-9582\">\n          <div class=\"layer-media \"\r\n        id=\"\">\r\n        <div\r\n        class=\"element element_1  element-media \">\r\n        <img width=\"640\" height=\"427\" src=\"https:\/\/ricardobarojaeskola.educacion.navarra.es\/web\/wp-content\/uploads\/2022\/07\/IMG_7232-1024x683.jpg\" class=\"attachment-large size-large wp-post-image\" alt=\"\" loading=\"lazy\" \/>    <\/div>\r\n    <\/div>\r\n    <div class=\"layer-content element_3\"\r\n        id=\"\">\r\n        <div class=\"element element_4  title \">\r\n                    <a target=\"\"\r\n                href=\"https:\/\/ricardobarojaeskola.educacion.navarra.es\/web\/es\/blog\/2022\/07\/01\/agur\/\">AGUR..<\/a>\r\n            <\/div>\r\n    <div\r\n        class=\"element element_5  excerpt_read_more \">\r\n        Despedimos al alumnado de 6\u00ba, despu\u00e9s de tantos a\u00f1os en la escuela, tal y como se merecen VER        <a target=\"_blank\"\r\n            href=\"https:\/\/ricardobarojaeskola.educacion.navarra.es\/web\/es\/blog\/2022\/07\/01\/agur\/\"><\/a>\r\n    <\/div>\r\n    <\/div>\r\n    <\/div>\n  <\/div><div class=\"item item-11461 skin flat odd 83 \">\n        <div class=\"layer-wrapper layout-9582\">\n          <div class=\"layer-media \"\r\n        id=\"\">\r\n        <div\r\n        class=\"element element_1  element-media \">\r\n        <img width=\"640\" height=\"480\" src=\"https:\/\/ricardobarojaeskola.educacion.navarra.es\/web\/wp-content\/uploads\/2022\/06\/ERAKUSKETA-3-1024x768.jpeg\" class=\"attachment-large size-large wp-post-image\" alt=\"\" loading=\"lazy\" \/>    <\/div>\r\n    <\/div>\r\n    <div class=\"layer-content element_3\"\r\n        id=\"\">\r\n        <div class=\"element element_4  title \">\r\n                    <a target=\"\"\r\n                href=\"https:\/\/ricardobarojaeskola.educacion.navarra.es\/web\/es\/blog\/2022\/06\/27\/exposicion\/\">EXPOSICI\u00d3N<\/a>\r\n            <\/div>\r\n    <div\r\n        class=\"element element_5  excerpt_read_more \">\r\n        El alumnado de 6\u00ba, puso una exposici\u00f3n de los trabajos y obras art\u00edsticas realizadas durante todo el curso, en la        <a target=\"_blank\"\r\n            href=\"https:\/\/ricardobarojaeskola.educacion.navarra.es\/web\/es\/blog\/2022\/06\/27\/exposicion\/\"><\/a>\r\n    <\/div>\r\n    <\/div>\r\n    <\/div>\n  <\/div><div class=\"item item-11346 skin flat even 84 \">\n        <div class=\"layer-wrapper layout-9582\">\n          <div class=\"layer-media \"\r\n        id=\"\">\r\n        <div\r\n        class=\"element element_1  element-media \">\r\n        <img width=\"640\" height=\"479\" src=\"https:\/\/ricardobarojaeskola.educacion.navarra.es\/web\/wp-content\/uploads\/2022\/05\/IMG_20220525_215640-1024x766.jpg\" class=\"attachment-large size-large wp-post-image\" alt=\"\" loading=\"lazy\" \/>    <\/div>\r\n    <\/div>\r\n    <div class=\"layer-content element_3\"\r\n        id=\"\">\r\n        <div class=\"element element_4  title \">\r\n                    <a target=\"\"\r\n                href=\"https:\/\/ricardobarojaeskola.educacion.navarra.es\/web\/es\/blog\/2022\/05\/30\/zuhatzan-kanpaldia\/\">EN LA ISLA DE ZUAZA<\/a>\r\n            <\/div>\r\n    <div\r\n        class=\"element element_5  excerpt_read_more \">\r\n        El alumnado del tercer ciclo hemos pasado cuatro d\u00edas en la isla de Zuaza. Aunque el tiempo ha estado un        <a target=\"_blank\"\r\n            href=\"https:\/\/ricardobarojaeskola.educacion.navarra.es\/web\/es\/blog\/2022\/05\/30\/zuhatzan-kanpaldia\/\"><\/a>\r\n    <\/div>\r\n    <\/div>\r\n    <\/div>\n  <\/div><div class=\"item item-11334 skin flat odd 85 \">\n        <div class=\"layer-wrapper layout-9582\">\n          <div class=\"layer-media \"\r\n        id=\"\">\r\n        <div\r\n        class=\"element element_1  element-media \">\r\n        <img width=\"640\" height=\"479\" src=\"https:\/\/ricardobarojaeskola.educacion.navarra.es\/web\/wp-content\/uploads\/2022\/05\/1653362370223-1024x766.jpg\" class=\"attachment-large size-large wp-post-image\" alt=\"\" loading=\"lazy\" \/>    <\/div>\r\n    <\/div>\r\n    <div class=\"layer-content element_3\"\r\n        id=\"\">\r\n        <div class=\"element element_4  title \">\r\n                    <a target=\"\"\r\n                href=\"https:\/\/ricardobarojaeskola.educacion.navarra.es\/web\/es\/blog\/2022\/05\/25\/migracion\/\">MIGRACI\u00d3N<\/a>\r\n            <\/div>\r\n    <div\r\n        class=\"element element_5  excerpt_read_more \">\r\n        \u00bfPor qu\u00e9 raz\u00f3n deja una persona su familia, amigos, pa\u00eds... esto es, todo lo que conoce, para ir a un        <a target=\"_blank\"\r\n            href=\"https:\/\/ricardobarojaeskola.educacion.navarra.es\/web\/es\/blog\/2022\/05\/25\/migracion\/\"><\/a>\r\n    <\/div>\r\n    <\/div>\r\n    <\/div>\n  <\/div><div class=\"item item-11320 skin flat even 86 \">\n        <div class=\"layer-wrapper layout-9582\">\n          <div class=\"layer-media \"\r\n        id=\"\">\r\n        <div\r\n        class=\"element element_1  element-media \">\r\n        <img width=\"320\" height=\"180\" src=\"https:\/\/ricardobarojaeskola.educacion.navarra.es\/web\/wp-content\/uploads\/2022\/05\/mq2.jpg\" class=\"attachment-large size-large wp-post-image\" alt=\"\" loading=\"lazy\" \/>    <\/div>\r\n    <\/div>\r\n    <div class=\"layer-content element_3\"\r\n        id=\"\">\r\n        <div class=\"element element_4  title \">\r\n                    <a target=\"\"\r\n                href=\"https:\/\/ricardobarojaeskola.educacion.navarra.es\/web\/es\/blog\/2022\/05\/18\/espadachins-de-bera\/\">\u00a1Espadachin@s de Bera!<\/a>\r\n            <\/div>\r\n    <div\r\n        class=\"element element_5  excerpt_read_more \">\r\n        Con l@s espadachin@s de 5\u00ba hemos grabado secuencias de acci\u00f3n. \u00a1Aqu\u00ed os dejamos un par de v\u00eddeos! VER        <a target=\"_blank\"\r\n            href=\"https:\/\/ricardobarojaeskola.educacion.navarra.es\/web\/es\/blog\/2022\/05\/18\/espadachins-de-bera\/\"><\/a>\r\n    <\/div>\r\n    <\/div>\r\n    <\/div>\n  <\/div><div class=\"item item-11291 skin flat odd 87 \">\n        <div class=\"layer-wrapper layout-9582\">\n          <div class=\"layer-media \"\r\n        id=\"\">\r\n        <div\r\n        class=\"element element_1  element-media \">\r\n        <img width=\"640\" height=\"478\" src=\"https:\/\/ricardobarojaeskola.educacion.navarra.es\/web\/wp-content\/uploads\/2022\/05\/WhatsApp-Image-2022-05-04-at-11.26.14-1024x765.jpeg\" class=\"attachment-large size-large wp-post-image\" alt=\"\" loading=\"lazy\" \/>    <\/div>\r\n    <\/div>\r\n    <div class=\"layer-content element_3\"\r\n        id=\"\">\r\n        <div class=\"element element_4  title \">\r\n                    <a target=\"\"\r\n                href=\"https:\/\/ricardobarojaeskola.educacion.navarra.es\/web\/es\/blog\/2022\/05\/04\/km-0\/\">Km-0<\/a>\r\n            <\/div>\r\n    <div\r\n        class=\"element element_5  excerpt_read_more \">\r\n        Este a\u00f1o en la propia escuela hemos puesto en marcha el proyecto de la huerta. Y ya vienen los primeros        <a target=\"_blank\"\r\n            href=\"https:\/\/ricardobarojaeskola.educacion.navarra.es\/web\/es\/blog\/2022\/05\/04\/km-0\/\"><\/a>\r\n    <\/div>\r\n    <\/div>\r\n    <\/div>\n  <\/div><div class=\"item item-11274 skin flat even 88 \">\n        <div class=\"layer-wrapper layout-9582\">\n          <div class=\"layer-media \"\r\n        id=\"\">\r\n        <div\r\n        class=\"element element_1  element-media \">\r\n        <img width=\"640\" height=\"480\" src=\"https:\/\/ricardobarojaeskola.educacion.navarra.es\/web\/wp-content\/uploads\/2022\/04\/IMG_20220413_095603-1024x768.jpg\" class=\"attachment-large size-large wp-post-image\" alt=\"\" loading=\"lazy\" \/>    <\/div>\r\n    <\/div>\r\n    <div class=\"layer-content element_3\"\r\n        id=\"\">\r\n        <div class=\"element element_4  title \">\r\n                    <a target=\"\"\r\n                href=\"https:\/\/ricardobarojaeskola.educacion.navarra.es\/web\/es\/blog\/2022\/04\/27\/dia-internacional-del-libro-2022\/\">D\u00cdA INTERNACIONAL DEL LIBRO 2022<\/a>\r\n            <\/div>\r\n    <div\r\n        class=\"element element_5  excerpt_read_more \">\r\n        El 13 de abril, y ante la proximidad del d\u00eda del Internacional del Libro, realizamos diferentes actividades en la escuela.        <a target=\"_blank\"\r\n            href=\"https:\/\/ricardobarojaeskola.educacion.navarra.es\/web\/es\/blog\/2022\/04\/27\/dia-internacional-del-libro-2022\/\"><\/a>\r\n    <\/div>\r\n    <\/div>\r\n    <\/div>\n  <\/div><div class=\"item item-11260 skin flat odd 89 \">\n        <div class=\"layer-wrapper layout-9582\">\n          <div class=\"layer-media \"\r\n        id=\"\">\r\n        <div\r\n        class=\"element element_1  element-media \">\r\n        <img width=\"640\" height=\"480\" src=\"https:\/\/ricardobarojaeskola.educacion.navarra.es\/web\/wp-content\/uploads\/2022\/04\/WhatsApp-Image-2022-03-29-at-10.24.2322-1024x768.jpeg\" class=\"attachment-large size-large wp-post-image\" alt=\"\" loading=\"lazy\" \/>    <\/div>\r\n    <\/div>\r\n    <div class=\"layer-content element_3\"\r\n        id=\"\">\r\n        <div class=\"element element_4  title \">\r\n                    <a target=\"\"\r\n                href=\"https:\/\/ricardobarojaeskola.educacion.navarra.es\/web\/es\/blog\/2022\/04\/11\/eguraldia-lagun-eskerrik-asko-larun\/\">EGURALDIA LAGUN, ESKERRIK ASKO LARUN<\/a>\r\n            <\/div>\r\n    <div\r\n        class=\"element element_5  excerpt_read_more \">\r\n        VER        <a target=\"_blank\"\r\n            href=\"https:\/\/ricardobarojaeskola.educacion.navarra.es\/web\/es\/blog\/2022\/04\/11\/eguraldia-lagun-eskerrik-asko-larun\/\"><\/a>\r\n    <\/div>\r\n    <\/div>\r\n    <\/div>\n  <\/div><div class=\"item item-11253 skin flat even 90 \">\n        <div class=\"layer-wrapper layout-9582\">\n          <div class=\"layer-media \"\r\n        id=\"\">\r\n        <div\r\n        class=\"element element_1  element-media \">\r\n        <img src=\"https:\/\/ricardobarojaeskola.educacion.navarra.es\/web\/wp-content\/uploads\/2022\/04\/WhatsApp-Image-2022-04-09-at-13.26.08-1024x765.jpeg\" \/>    <\/div>\r\n    <\/div>\r\n    <div class=\"layer-content element_3\"\r\n        id=\"\">\r\n        <div class=\"element element_4  title \">\r\n                    <a target=\"\"\r\n                href=\"https:\/\/ricardobarojaeskola.educacion.navarra.es\/web\/es\/blog\/2022\/04\/11\/korrika\/\">KORRIKA..<\/a>\r\n            <\/div>\r\n    <div\r\n        class=\"element element_5  excerpt_read_more \">\r\n                <a target=\"_blank\"\r\n            href=\"https:\/\/ricardobarojaeskola.educacion.navarra.es\/web\/es\/blog\/2022\/04\/11\/korrika\/\"><\/a>\r\n    <\/div>\r\n    <\/div>\r\n    <\/div>\n  <\/div><div class=\"item item-11227 skin flat odd 91 \">\n        <div class=\"layer-wrapper layout-9582\">\n          <div class=\"layer-media \"\r\n        id=\"\">\r\n        <div\r\n        class=\"element element_1  element-media \">\r\n        <img width=\"640\" height=\"347\" src=\"https:\/\/ricardobarojaeskola.educacion.navarra.es\/web\/wp-content\/uploads\/2022\/04\/WhatsApp-Image-2022-04-08-at-19.15.55-1024x555.jpeg\" class=\"attachment-large size-large wp-post-image\" alt=\"\" loading=\"lazy\" \/>    <\/div>\r\n    <\/div>\r\n    <div class=\"layer-content element_3\"\r\n        id=\"\">\r\n        <div class=\"element element_4  title \">\r\n                    <a target=\"\"\r\n                href=\"https:\/\/ricardobarojaeskola.educacion.navarra.es\/web\/es\/blog\/2022\/04\/11\/ttipi-ttapa-ttipi-ttapa-korrika\/\">TTIPI-TTAPA, TTIPI-TTAPA... KORRIKA<\/a>\r\n            <\/div>\r\n    <div\r\n        class=\"element element_5  excerpt_read_more \">\r\n        &#013; El pasado viernes lleg\u00f3 a nosotr@s la korrika. Tambi\u00e9n en la escuela nos unimos a favor del euskara, tod@s        <a target=\"_blank\"\r\n            href=\"https:\/\/ricardobarojaeskola.educacion.navarra.es\/web\/es\/blog\/2022\/04\/11\/ttipi-ttapa-ttipi-ttapa-korrika\/\"><\/a>\r\n    <\/div>\r\n    <\/div>\r\n    <\/div>\n  <\/div><div class=\"item item-11154 skin flat even 92 \">\n        <div class=\"layer-wrapper layout-9582\">\n          <div class=\"layer-media \"\r\n        id=\"\">\r\n        <div\r\n        class=\"element element_1  element-media \">\r\n        <img width=\"640\" height=\"554\" src=\"https:\/\/ricardobarojaeskola.educacion.navarra.es\/web\/wp-content\/uploads\/2022\/03\/zirkoa2-1.jpg\" class=\"attachment-large size-large wp-post-image\" alt=\"\" loading=\"lazy\" \/>    <\/div>\r\n    <\/div>\r\n    <div class=\"layer-content element_3\"\r\n        id=\"\">\r\n        <div class=\"element element_4  title \">\r\n                    <a target=\"\"\r\n                href=\"https:\/\/ricardobarojaeskola.educacion.navarra.es\/web\/es\/blog\/2022\/03\/09\/el-circo-de-la-clase-de-5o\/\">EL CIRCO DE LA CLASE DE 5\u00ba<\/a>\r\n            <\/div>\r\n    <div\r\n        class=\"element element_5  excerpt_read_more \">\r\n        los de 5\u00ba tambi\u00e9n hemos trabajado en actividades circenses . Palos del diablo, pa\u00f1uelos, cariocas, balones, combas... Un@s verdade@s artistas        <a target=\"_blank\"\r\n            href=\"https:\/\/ricardobarojaeskola.educacion.navarra.es\/web\/es\/blog\/2022\/03\/09\/el-circo-de-la-clase-de-5o\/\"><\/a>\r\n    <\/div>\r\n    <\/div>\r\n    <\/div>\n  <\/div><div class=\"item item-11123 skin flat odd 93 \">\n        <div class=\"layer-wrapper layout-9582\">\n          <div class=\"layer-media \"\r\n        id=\"\">\r\n        <div\r\n        class=\"element element_1  element-media \">\r\n        <img width=\"640\" height=\"427\" src=\"https:\/\/ricardobarojaeskola.educacion.navarra.es\/web\/wp-content\/uploads\/2022\/03\/MG_5149-1024x683.jpg\" class=\"attachment-large size-large wp-post-image\" alt=\"\" loading=\"lazy\" \/>    <\/div>\r\n    <\/div>\r\n    <div class=\"layer-content element_3\"\r\n        id=\"\">\r\n        <div class=\"element element_4  title \">\r\n                    <a target=\"\"\r\n                href=\"https:\/\/ricardobarojaeskola.educacion.navarra.es\/web\/es\/blog\/2022\/03\/08\/carnavales-del-mundo\/\">CARNAVALES DEL MUNDO<\/a>\r\n            <\/div>\r\n    <div\r\n        class=\"element element_5  excerpt_read_more \">\r\n        Este a\u00f1o, en carnavales tuvimos la oportunidad de hacer un largo viaje por el mundo. Cogimos el avi\u00f3n y fuimos        <a target=\"_blank\"\r\n            href=\"https:\/\/ricardobarojaeskola.educacion.navarra.es\/web\/es\/blog\/2022\/03\/08\/carnavales-del-mundo\/\"><\/a>\r\n    <\/div>\r\n    <\/div>\r\n    <\/div>\n  <\/div><div class=\"item item-11110 skin flat even 94 \">\n        <div class=\"layer-wrapper layout-9582\">\n          <div class=\"layer-media \"\r\n        id=\"\">\r\n        <div\r\n        class=\"element element_1  element-media \">\r\n        <img width=\"640\" height=\"226\" src=\"https:\/\/ricardobarojaeskola.educacion.navarra.es\/web\/wp-content\/uploads\/2022\/03\/WhatsApp-Image-2022-03-08-at-12.08.491-1024x362.jpeg\" class=\"attachment-large size-large wp-post-image\" alt=\"PUNTU MOREA\" loading=\"lazy\" \/>    <\/div>\r\n    <\/div>\r\n    <div class=\"layer-content element_3\"\r\n        id=\"\">\r\n        <div class=\"element element_4  title \">\r\n                    <a target=\"\"\r\n                href=\"https:\/\/ricardobarojaeskola.educacion.navarra.es\/web\/es\/blog\/2022\/03\/08\/dia-internacional-de-la-mujer-3\/\">D\u00cdA INTERNACIONAL DE LA MUJER<\/a>\r\n            <\/div>\r\n    <div\r\n        class=\"element element_5  excerpt_read_more \">\r\n        Este 8 de marzo, nuestra escuela se ha sumado una vez m\u00e1s al d\u00eda internacional de la mujer. Se han        <a target=\"_blank\"\r\n            href=\"https:\/\/ricardobarojaeskola.educacion.navarra.es\/web\/es\/blog\/2022\/03\/08\/dia-internacional-de-la-mujer-3\/\"><\/a>\r\n    <\/div>\r\n    <\/div>\r\n    <\/div>\n  <\/div><div class=\"item item-11006 skin flat odd 95 \">\n        <div class=\"layer-wrapper layout-9582\">\n          <div class=\"layer-media \"\r\n        id=\"\">\r\n        <div\r\n        class=\"element element_1  element-media \">\r\n        <img width=\"640\" height=\"480\" src=\"https:\/\/ricardobarojaeskola.educacion.navarra.es\/web\/wp-content\/uploads\/2022\/02\/WhatsApp-Image-2022-02-04-at-15.58.291-1024x768.jpeg\" class=\"attachment-large size-large wp-post-image\" alt=\"\" loading=\"lazy\" \/>    <\/div>\r\n    <\/div>\r\n    <div class=\"layer-content element_3\"\r\n        id=\"\">\r\n        <div class=\"element element_4  title \">\r\n                    <a target=\"\"\r\n                href=\"https:\/\/ricardobarojaeskola.educacion.navarra.es\/web\/es\/blog\/2022\/02\/09\/patinando-sobre-hielo\/\">PATINANDO SOBRE HIELO<\/a>\r\n            <\/div>\r\n    <div\r\n        class=\"element element_5  excerpt_read_more \">\r\n        El pasado 4 de febrero, el alumnado y profesorado del tercer ciclo fuimos a Pamplona a disfrutar de las actividades        <a target=\"_blank\"\r\n            href=\"https:\/\/ricardobarojaeskola.educacion.navarra.es\/web\/es\/blog\/2022\/02\/09\/patinando-sobre-hielo\/\"><\/a>\r\n    <\/div>\r\n    <\/div>\r\n    <\/div>\n  <\/div><div class=\"item item-11029 skin flat even 96 \">\n        <div class=\"layer-wrapper layout-9582\">\n          <div class=\"layer-media \"\r\n        id=\"\">\r\n        <div\r\n        class=\"element element_1  element-media \">\r\n        <img width=\"640\" height=\"546\" src=\"https:\/\/ricardobarojaeskola.educacion.navarra.es\/web\/wp-content\/uploads\/2022\/02\/olentzero-1024x874.jpg\" class=\"attachment-large size-large wp-post-image\" alt=\"\" loading=\"lazy\" \/>    <\/div>\r\n    <\/div>\r\n    <div class=\"layer-content element_3\"\r\n        id=\"\">\r\n        <div class=\"element element_4  title \">\r\n                    <a target=\"\"\r\n                href=\"https:\/\/ricardobarojaeskola.educacion.navarra.es\/web\/es\/blog\/2021\/12\/30\/horra-horra-gure-olentzero\/\">HORRA HORRA GURE OLENTZERO<\/a>\r\n            <\/div>\r\n    <div\r\n        class=\"element element_5  excerpt_read_more \">\r\n        Estas navidades, tambi\u00e9n nos visit\u00f3 Olentzero, acompa\u00f1ado de su burro \"Belarri-luze\". La pobre Mari Domingu\u00ed tubo que quedarse confinada, \u00a1a        <a target=\"_blank\"\r\n            href=\"https:\/\/ricardobarojaeskola.educacion.navarra.es\/web\/es\/blog\/2021\/12\/30\/horra-horra-gure-olentzero\/\"><\/a>\r\n    <\/div>\r\n    <\/div>\r\n    <\/div>\n  <\/div><div class=\"item item-10922 skin flat odd 97 \">\n        <div class=\"layer-wrapper layout-9582\">\n          <div class=\"layer-media \"\r\n        id=\"\">\r\n        <div\r\n        class=\"element element_1  element-media \">\r\n        <img width=\"640\" height=\"856\" src=\"https:\/\/ricardobarojaeskola.educacion.navarra.es\/web\/wp-content\/uploads\/2021\/11\/IMG_20211115_143422-1-766x1024.jpg\" class=\"attachment-large size-large wp-post-image\" alt=\"\" loading=\"lazy\" \/>    <\/div>\r\n    <\/div>\r\n    <div class=\"layer-content element_3\"\r\n        id=\"\">\r\n        <div class=\"element element_4  title \">\r\n                    <a target=\"\"\r\n                href=\"https:\/\/ricardobarojaeskola.educacion.navarra.es\/web\/es\/blog\/2021\/11\/26\/gorputza-6-maila\/\">EL CUERPO HUMANO 6. maila<\/a>\r\n            <\/div>\r\n    <div\r\n        class=\"element element_5  excerpt_read_more \">\r\n        El alumnado de 6\u00ba, ha investigado durante el primer trimestre c\u00f3mo es el cuerpo humano: aparatos, organos, funciones, c\u00f3mo cuidarlo.        <a target=\"_blank\"\r\n            href=\"https:\/\/ricardobarojaeskola.educacion.navarra.es\/web\/es\/blog\/2021\/11\/26\/gorputza-6-maila\/\"><\/a>\r\n    <\/div>\r\n    <\/div>\r\n    <\/div>\n  <\/div><div class=\"item item-10789 skin flat even 98 \">\n        <div class=\"layer-wrapper layout-9582\">\n          <div class=\"layer-media \"\r\n        id=\"\">\r\n        <div\r\n        class=\"element element_1  element-media \">\r\n        <img width=\"640\" height=\"853\" src=\"https:\/\/ricardobarojaeskola.educacion.navarra.es\/web\/wp-content\/uploads\/2021\/10\/unnamed-2.jpg\" class=\"attachment-large size-large wp-post-image\" alt=\"HENDIAIARA BIZIKLETAZ\" loading=\"lazy\" \/>    <\/div>\r\n    <\/div>\r\n    <div class=\"layer-content element_3\"\r\n        id=\"\">\r\n        <div class=\"element element_4  title \">\r\n                    <a target=\"\"\r\n                href=\"https:\/\/ricardobarojaeskola.educacion.navarra.es\/web\/es\/blog\/2021\/10\/15\/hendaia-bizikletaz\/\">A HENDAIA SOBRE RUEDAS<\/a>\r\n            <\/div>\r\n    <div\r\n        class=\"element element_5  excerpt_read_more \">\r\n        El pasado d\u00eda 1 de octubre, el alumnado del 3er ciclo, como todos los a\u00f1os, fuimos a Hendaia en bicicleta.        <a target=\"_blank\"\r\n            href=\"https:\/\/ricardobarojaeskola.educacion.navarra.es\/web\/es\/blog\/2021\/10\/15\/hendaia-bizikletaz\/\"><\/a>\r\n    <\/div>\r\n    <\/div>\r\n    <\/div>\n  <\/div><div class=\"item item-10778 skin flat odd 99 \">\n        <div class=\"layer-wrapper layout-9582\">\n          <div class=\"layer-media \"\r\n        id=\"\">\r\n        <div\r\n        class=\"element element_1  element-media \">\r\n        <img width=\"640\" height=\"480\" src=\"https:\/\/ricardobarojaeskola.educacion.navarra.es\/web\/wp-content\/uploads\/2021\/10\/IMG-1838-1024x768.jpg\" class=\"attachment-large size-large wp-post-image\" alt=\"BARATZA\" loading=\"lazy\" \/>    <\/div>\r\n    <\/div>\r\n    <div class=\"layer-content element_3\"\r\n        id=\"\">\r\n        <div class=\"element element_4  title \">\r\n                    <a target=\"\"\r\n                href=\"https:\/\/ricardobarojaeskola.educacion.navarra.es\/web\/es\/blog\/2021\/10\/14\/el-huerto-2\/\">EL HUERTO<\/a>\r\n            <\/div>\r\n    <div\r\n        class=\"element element_5  excerpt_read_more \">\r\n        Despu\u00e9s de los preparativos necesarios para poner en marcha nuestro peque\u00f1o huerto, esperemos que a tiempo, hemos plantado diferentes tipos        <a target=\"_blank\"\r\n            href=\"https:\/\/ricardobarojaeskola.educacion.navarra.es\/web\/es\/blog\/2021\/10\/14\/el-huerto-2\/\"><\/a>\r\n    <\/div>\r\n    <\/div>\r\n    <\/div>\n  <\/div><div class=\"item item-10721 skin flat even 100 \">\n        <div class=\"layer-wrapper layout-9582\">\n          <div class=\"layer-media \"\r\n        id=\"\">\r\n        <div\r\n        class=\"element element_1  element-media \">\r\n        <img width=\"640\" height=\"480\" src=\"https:\/\/ricardobarojaeskola.educacion.navarra.es\/web\/wp-content\/uploads\/2021\/09\/WhatsApp-Image-2021-06-24-at-22.37.231-1024x768.jpeg\" class=\"attachment-large size-large wp-post-image\" alt=\"\" loading=\"lazy\" \/>    <\/div>\r\n    <\/div>\r\n    <div class=\"layer-content element_3\"\r\n        id=\"\">\r\n        <div class=\"element element_4  title \">\r\n                    <a target=\"\"\r\n                href=\"https:\/\/ricardobarojaeskola.educacion.navarra.es\/web\/es\/blog\/2021\/09\/17\/juegos-olimpicos\/\">JUEGOS OLIMPICOS<\/a>\r\n            <\/div>\r\n    <div\r\n        class=\"element element_5  excerpt_read_more \">\r\n        Los a\u00f1os en los que se celebran los juegos ol\u00edmpicos suelen ser especiales. Siete deportes diferentes, los siete bastante inusuales.        <a target=\"_blank\"\r\n            href=\"https:\/\/ricardobarojaeskola.educacion.navarra.es\/web\/es\/blog\/2021\/09\/17\/juegos-olimpicos\/\"><\/a>\r\n    <\/div>\r\n    <\/div>\r\n    <\/div>\n  <\/div><div class=\"item item-10530 skin flat odd 101 \">\n        <div class=\"layer-wrapper layout-9582\">\n          <div class=\"layer-media \"\r\n        id=\"\">\r\n        <div\r\n        class=\"element element_1  element-media \">\r\n        <img width=\"640\" height=\"295\" src=\"https:\/\/ricardobarojaeskola.educacion.navarra.es\/web\/wp-content\/uploads\/2021\/03\/IMG-20210304-WA0002-1024x472.jpg\" class=\"attachment-large size-large wp-post-image\" alt=\"ESKI 2021\" loading=\"lazy\" \/>    <\/div>\r\n    <\/div>\r\n    <div class=\"layer-content element_3\"\r\n        id=\"\">\r\n        <div class=\"element element_4  title \">\r\n                    <a target=\"\"\r\n                href=\"https:\/\/ricardobarojaeskola.educacion.navarra.es\/web\/es\/blog\/2021\/03\/30\/campana-esqui-2021-2\/\">CAMPA\u00d1A ESQU\u00cd 2021<\/a>\r\n            <\/div>\r\n    <div\r\n        class=\"element element_5  excerpt_read_more \">\r\n        A prinicipios de marzo el alumnado de 5\u00ba y 6\u00ba participaron en la campa\u00f1a de la Semana Blanca. Pasamos 5        <a target=\"_blank\"\r\n            href=\"https:\/\/ricardobarojaeskola.educacion.navarra.es\/web\/es\/blog\/2021\/03\/30\/campana-esqui-2021-2\/\"><\/a>\r\n    <\/div>\r\n    <\/div>\r\n    <\/div>\n  <\/div><div class=\"item item-10445 skin flat even 102 \">\n        <div class=\"layer-wrapper layout-9582\">\n          <div class=\"layer-media \"\r\n        id=\"\">\r\n        <div\r\n        class=\"element element_1  element-media \">\r\n        <img width=\"640\" height=\"360\" src=\"https:\/\/ricardobarojaeskola.educacion.navarra.es\/web\/wp-content\/uploads\/2021\/03\/erakusketa1-3-1024x576.jpeg\" class=\"attachment-large size-large wp-post-image\" alt=\"\" loading=\"lazy\" \/>    <\/div>\r\n    <\/div>\r\n    <div class=\"layer-content element_3\"\r\n        id=\"\">\r\n        <div class=\"element element_4  title \">\r\n                    <a target=\"\"\r\n                href=\"https:\/\/ricardobarojaeskola.educacion.navarra.es\/web\/es\/blog\/2021\/03\/23\/40-urteurrena\/\">40 ANIVERSARIO<\/a>\r\n            <\/div>\r\n    <div\r\n        class=\"element element_5  excerpt_read_more \">\r\n        Como ya sab\u00e9is este a\u00f1o se cumplen 40 a\u00f1os desde que se abri\u00f3 la escuela Ricardo Baroja en 1980. \u00bfC\u00f3mo        <a target=\"_blank\"\r\n            href=\"https:\/\/ricardobarojaeskola.educacion.navarra.es\/web\/es\/blog\/2021\/03\/23\/40-urteurrena\/\"><\/a>\r\n    <\/div>\r\n    <\/div>\r\n    <\/div>\n  <\/div><div class=\"item item-10405 skin flat odd 103 \">\n        <div class=\"layer-wrapper layout-9582\">\n          <div class=\"layer-media \"\r\n        id=\"\">\r\n        <div\r\n        class=\"element element_1  element-media \">\r\n        <img width=\"577\" height=\"433\" src=\"https:\/\/ricardobarojaeskola.educacion.navarra.es\/web\/wp-content\/uploads\/2021\/02\/IMG_5001.jpg\" class=\"attachment-large size-large wp-post-image\" alt=\"MAGIA\" loading=\"lazy\" \/>    <\/div>\r\n    <\/div>\r\n    <div class=\"layer-content element_3\"\r\n        id=\"\">\r\n        <div class=\"element element_4  title \">\r\n                    <a target=\"\"\r\n                href=\"https:\/\/ricardobarojaeskola.educacion.navarra.es\/web\/es\/blog\/2021\/02\/26\/magia-2\/\">MAGIA<\/a>\r\n            <\/div>\r\n    <div\r\n        class=\"element element_5  excerpt_read_more \">\r\n        El alumnado de 5\u00ba ofreci\u00f3 un bonito espect\u00e1culo de magia en el patio de la escuela. Para terminar el proyecto        <a target=\"_blank\"\r\n            href=\"https:\/\/ricardobarojaeskola.educacion.navarra.es\/web\/es\/blog\/2021\/02\/26\/magia-2\/\"><\/a>\r\n    <\/div>\r\n    <\/div>\r\n    <\/div>\n  <\/div><div class=\"item item-10244 skin flat even 104 \">\n        <div class=\"layer-wrapper layout-9582\">\n          <div class=\"layer-media \"\r\n        id=\"\">\r\n        <div\r\n        class=\"element element_1  element-media \">\r\n        <img width=\"550\" height=\"366\" src=\"https:\/\/ricardobarojaeskola.educacion.navarra.es\/web\/wp-content\/uploads\/2021\/02\/cuevas-de-zugarramurdi.jpg\" class=\"attachment-large size-large wp-post-image\" alt=\"\" loading=\"lazy\" \/>    <\/div>\r\n    <\/div>\r\n    <div class=\"layer-content element_3\"\r\n        id=\"\">\r\n        <div class=\"element element_4  title \">\r\n                    <a target=\"\"\r\n                href=\"https:\/\/ricardobarojaeskola.educacion.navarra.es\/web\/es\/blog\/2021\/02\/07\/zugarramurdi\/\">ZUGARRAMURDI!!<\/a>\r\n            <\/div>\r\n    <div\r\n        class=\"element element_5  excerpt_read_more \">\r\n        El viernes 5 de diciembre el alumnado de 5\u00ba y 6\u00ba de Primaria fuimos juntos\/as (pero no revueltos\/as) a ver        <a target=\"_blank\"\r\n            href=\"https:\/\/ricardobarojaeskola.educacion.navarra.es\/web\/es\/blog\/2021\/02\/07\/zugarramurdi\/\"><\/a>\r\n    <\/div>\r\n    <\/div>\r\n    <\/div>\n  <\/div><div class=\"item item-10118 skin flat odd 105 \">\n        <div class=\"layer-wrapper layout-9582\">\n          <div class=\"layer-media \"\r\n        id=\"\">\r\n        <div\r\n        class=\"element element_1  element-media \">\r\n        <img width=\"640\" height=\"480\" src=\"https:\/\/ricardobarojaeskola.educacion.navarra.es\/web\/wp-content\/uploads\/2020\/12\/4-urte-B-1024x768.jpg\" class=\"attachment-large size-large wp-post-image\" alt=\"\" loading=\"lazy\" \/>    <\/div>\r\n    <\/div>\r\n    <div class=\"layer-content element_3\"\r\n        id=\"\">\r\n        <div class=\"element element_4  title \">\r\n                    <a target=\"\"\r\n                href=\"https:\/\/ricardobarojaeskola.educacion.navarra.es\/web\/es\/blog\/2020\/12\/23\/olentzero-eta-maridomingi\/\">OLENTZERO ETA MARI DOMINGI<\/a>\r\n            <\/div>\r\n    <div\r\n        class=\"element element_5  excerpt_read_more \">\r\n        El d\u00eda 22 de diciembre hemos recibido en la escuela la visita de Olentzero y Mari Domingi. Este a\u00f1o y        <a target=\"_blank\"\r\n            href=\"https:\/\/ricardobarojaeskola.educacion.navarra.es\/web\/es\/blog\/2020\/12\/23\/olentzero-eta-maridomingi\/\"><\/a>\r\n    <\/div>\r\n    <\/div>\r\n    <\/div>\n  <\/div><div class=\"item item-10089 skin flat even 106 \">\n        <div class=\"layer-wrapper layout-9582\">\n          <div class=\"layer-media \"\r\n        id=\"\">\r\n        <div\r\n        class=\"element element_1  element-media \">\r\n        <img width=\"640\" height=\"480\" src=\"https:\/\/ricardobarojaeskola.educacion.navarra.es\/web\/wp-content\/uploads\/2020\/12\/MUSIKA-IRATZARRI3.jpeg\" class=\"attachment-large size-large wp-post-image\" alt=\"\" loading=\"lazy\" \/>    <\/div>\r\n    <\/div>\r\n    <div class=\"layer-content element_3\"\r\n        id=\"\">\r\n        <div class=\"element element_4  title \">\r\n                    <a target=\"\"\r\n                href=\"https:\/\/ricardobarojaeskola.educacion.navarra.es\/web\/es\/blog\/2020\/12\/21\/proyecto-soinua-iratzarri\/\">PROYECTO SOINUA IRATZARRI<\/a>\r\n            <\/div>\r\n    <div\r\n        class=\"element element_5  excerpt_read_more \">\r\n        El d\u00eda 18 de diciembre el alumnado de 6\u00ba, junto a m\u00fasicos profesionales, nos ofrecieron un concierto como finalizaci\u00f3n del        <a target=\"_blank\"\r\n            href=\"https:\/\/ricardobarojaeskola.educacion.navarra.es\/web\/es\/blog\/2020\/12\/21\/proyecto-soinua-iratzarri\/\"><\/a>\r\n    <\/div>\r\n    <\/div>\r\n    <\/div>\n  <\/div><div class=\"item item-10075 skin flat odd 107 \">\n        <div class=\"layer-wrapper layout-9582\">\n          <div class=\"layer-media \"\r\n        id=\"\">\r\n        <div\r\n        class=\"element element_1  element-media \">\r\n        <img width=\"640\" height=\"360\" src=\"https:\/\/ricardobarojaeskola.educacion.navarra.es\/web\/wp-content\/uploads\/2020\/12\/ALKAIAGA2-1024x576.jpeg\" class=\"attachment-large size-large wp-post-image\" alt=\"\" loading=\"lazy\" \/>    <\/div>\r\n    <\/div>\r\n    <div class=\"layer-content element_3\"\r\n        id=\"\">\r\n        <div class=\"element element_4  title \">\r\n                    <a target=\"\"\r\n                href=\"https:\/\/ricardobarojaeskola.educacion.navarra.es\/web\/es\/blog\/2020\/12\/21\/alkaiaga\/\">ALKAIAGA<\/a>\r\n            <\/div>\r\n    <div\r\n        class=\"element element_5  excerpt_read_more \">\r\n        El alumnado de 5\u00ba hemos ido a visitar Alkaiaga y sus alrededores para dar por finalizado escolarmente este a\u00f1o 2020        <a target=\"_blank\"\r\n            href=\"https:\/\/ricardobarojaeskola.educacion.navarra.es\/web\/es\/blog\/2020\/12\/21\/alkaiaga\/\"><\/a>\r\n    <\/div>\r\n    <\/div>\r\n    <\/div>\n  <\/div><div class=\"item item-10010 skin flat even 108 \">\n        <div class=\"layer-wrapper layout-9582\">\n          <div class=\"layer-media \"\r\n        id=\"\">\r\n        <div\r\n        class=\"element element_1  element-media \">\r\n        <img width=\"640\" height=\"480\" src=\"https:\/\/ricardobarojaeskola.educacion.navarra.es\/web\/wp-content\/uploads\/2020\/12\/IMG_20201202_092348-1024x768.jpg\" class=\"attachment-large size-large wp-post-image\" alt=\"EUSKARAREN EGUNA\" loading=\"lazy\" \/>    <\/div>\r\n    <\/div>\r\n    <div class=\"layer-content element_3\"\r\n        id=\"\">\r\n        <div class=\"element element_4  title \">\r\n                    <a target=\"\"\r\n                href=\"https:\/\/ricardobarojaeskola.educacion.navarra.es\/web\/es\/blog\/2020\/12\/09\/euskararen-eguna-3\/\">EUSKARAREN EGUNA<\/a>\r\n            <\/div>\r\n    <div\r\n        class=\"element element_5  excerpt_read_more \">\r\n        De forma peculiar, pero c\u00f3mo no, este a\u00f1o tambi\u00e9n hemos celebrado el d\u00eda del euskera. Como siempre, Ei txo ha        <a target=\"_blank\"\r\n            href=\"https:\/\/ricardobarojaeskola.educacion.navarra.es\/web\/es\/blog\/2020\/12\/09\/euskararen-eguna-3\/\"><\/a>\r\n    <\/div>\r\n    <\/div>\r\n    <\/div>\n  <\/div><div class=\"item item-9992 skin flat odd 109 \">\n        <div class=\"layer-wrapper layout-9582\">\n          <div class=\"layer-media \"\r\n        id=\"\">\r\n        <div\r\n        class=\"element element_1  element-media \">\r\n        <img width=\"640\" height=\"307\" src=\"https:\/\/ricardobarojaeskola.educacion.navarra.es\/web\/wp-content\/uploads\/2020\/11\/PORTADA2.jpg\" class=\"attachment-large size-large wp-post-image\" alt=\"\" loading=\"lazy\" \/>    <\/div>\r\n    <\/div>\r\n    <div class=\"layer-content element_3\"\r\n        id=\"\">\r\n        <div class=\"element element_4  title \">\r\n                    <a target=\"\"\r\n                href=\"https:\/\/ricardobarojaeskola.educacion.navarra.es\/web\/es\/blog\/2020\/11\/27\/garbigunera-6-maila\/\">GARBIGUNERA. 6. MAILA<\/a>\r\n            <\/div>\r\n    <div\r\n        class=\"element element_5  excerpt_read_more \">\r\n        El 24 de noviembre de 2020, a las 10\u201930 de la ma\u00f1ana, fuimos andando toda la clase al Punto Limpio        <a target=\"_blank\"\r\n            href=\"https:\/\/ricardobarojaeskola.educacion.navarra.es\/web\/es\/blog\/2020\/11\/27\/garbigunera-6-maila\/\"><\/a>\r\n    <\/div>\r\n    <\/div>\r\n    <\/div>\n  <\/div><div class=\"item item-9928 skin flat even 110 \">\n        <div class=\"layer-wrapper layout-9582\">\n          <div class=\"layer-media \"\r\n        id=\"\">\r\n        <div\r\n        class=\"element element_1  element-media \">\r\n        <img width=\"640\" height=\"543\" src=\"https:\/\/ricardobarojaeskola.educacion.navarra.es\/web\/wp-content\/uploads\/2020\/11\/LARUN4-1024x868.jpeg\" class=\"attachment-large size-large wp-post-image\" alt=\"\" loading=\"lazy\" \/>    <\/div>\r\n    <\/div>\r\n    <div class=\"layer-content element_3\"\r\n        id=\"\">\r\n        <div class=\"element element_4  title \">\r\n                    <a target=\"\"\r\n                href=\"https:\/\/ricardobarojaeskola.educacion.navarra.es\/web\/es\/blog\/2020\/11\/23\/larun\/\">LARUN<\/a>\r\n            <\/div>\r\n    <div\r\n        class=\"element element_5  excerpt_read_more \">\r\n        El martes pasado, 17 de noviembre, el alumnado de 6\u00ba curso subimos al Larun andando. Tuvimos un tiempo excepcional y        <a target=\"_blank\"\r\n            href=\"https:\/\/ricardobarojaeskola.educacion.navarra.es\/web\/es\/blog\/2020\/11\/23\/larun\/\"><\/a>\r\n    <\/div>\r\n    <\/div>\r\n    <\/div>\n  <\/div><div class=\"item item-9844 skin flat odd 111 \">\n        <div class=\"layer-wrapper layout-9582\">\n          <div class=\"layer-media \"\r\n        id=\"\">\r\n        <div\r\n        class=\"element element_1  element-media \">\r\n        <img width=\"640\" height=\"360\" src=\"https:\/\/ricardobarojaeskola.educacion.navarra.es\/web\/wp-content\/uploads\/2020\/11\/Okalarre7-1024x576.jpeg\" class=\"attachment-large size-large wp-post-image\" alt=\"\" loading=\"lazy\" \/>    <\/div>\r\n    <\/div>\r\n    <div class=\"layer-content element_3\"\r\n        id=\"\">\r\n        <div class=\"element element_4  title \">\r\n                    <a target=\"\"\r\n                href=\"https:\/\/ricardobarojaeskola.educacion.navarra.es\/web\/es\/blog\/2020\/11\/17\/vamos-a-okalarre\/\">\u00a1\u00a1VAMOS A OKALARRE!!<\/a>\r\n            <\/div>\r\n    <div\r\n        class=\"element element_5  excerpt_read_more \">\r\n        El viernes pasado, 13 de noviembre, el alumnado de 5\u00ba fuimos a ver el bunker de Okalarre. La creaci\u00f3n de        <a target=\"_blank\"\r\n            href=\"https:\/\/ricardobarojaeskola.educacion.navarra.es\/web\/es\/blog\/2020\/11\/17\/vamos-a-okalarre\/\"><\/a>\r\n    <\/div>\r\n    <\/div>\r\n    <\/div>\n  <\/div><div class=\"item item-9759 skin flat even 112 \">\n        <div class=\"layer-wrapper layout-9582\">\n          <div class=\"layer-media \"\r\n        id=\"\">\r\n        <div\r\n        class=\"element element_1  element-media \">\r\n        <img width=\"640\" height=\"360\" src=\"https:\/\/ricardobarojaeskola.educacion.navarra.es\/web\/wp-content\/uploads\/2020\/11\/IMG_20201008_100449-1024x576.jpg\" class=\"attachment-large size-large wp-post-image\" alt=\"\" loading=\"lazy\" \/>    <\/div>\r\n    <\/div>\r\n    <div class=\"layer-content element_3\"\r\n        id=\"\">\r\n        <div class=\"element element_4  title \">\r\n                    <a target=\"\"\r\n                href=\"https:\/\/ricardobarojaeskola.educacion.navarra.es\/web\/es\/blog\/2020\/11\/11\/que-empiece-la-funcion\/\">\u00a1\u00a1 QU\u00c9 EMPIECE LA FUNCI\u00d3N !!<\/a>\r\n            <\/div>\r\n    <div\r\n        class=\"element element_5  excerpt_read_more \">\r\n        \u00a1\u00a1Como otros a\u00f1os este a\u00f1o tambi\u00e9n ha comenzado la funci\u00f3n!! El alumnado de 4\u00baA, 4\u00baB y 5\u00ba estamos participando, haciendo        <a target=\"_blank\"\r\n            href=\"https:\/\/ricardobarojaeskola.educacion.navarra.es\/web\/es\/blog\/2020\/11\/11\/que-empiece-la-funcion\/\"><\/a>\r\n    <\/div>\r\n    <\/div>\r\n    <\/div>\n  <\/div><div class=\"item item-9693 skin flat odd 113 \">\n        <div class=\"layer-wrapper layout-9582\">\n          <div class=\"layer-media \"\r\n        id=\"\">\r\n        <div\r\n        class=\"element element_1  element-media \">\r\n        <img width=\"640\" height=\"480\" src=\"https:\/\/ricardobarojaeskola.educacion.navarra.es\/web\/wp-content\/uploads\/2020\/10\/IMG_4893-1024x768.jpg\" class=\"attachment-large size-large wp-post-image\" alt=\"kutsadura\" loading=\"lazy\" \/>    <\/div>\r\n    <\/div>\r\n    <div class=\"layer-content element_3\"\r\n        id=\"\">\r\n        <div class=\"element element_4  title \">\r\n                    <a target=\"\"\r\n                href=\"https:\/\/ricardobarojaeskola.educacion.navarra.es\/web\/es\/blog\/2020\/10\/01\/contaminacion\/\">CONTAMINACI\u00d3N<\/a>\r\n            <\/div>\r\n    <div\r\n        class=\"element element_5  excerpt_read_more \">\r\n        El alumnado de 5\u00ba hicimos una salida a la regata que hay al lado de la escuela y a la        <a target=\"_blank\"\r\n            href=\"https:\/\/ricardobarojaeskola.educacion.navarra.es\/web\/es\/blog\/2020\/10\/01\/contaminacion\/\"><\/a>\r\n    <\/div>\r\n    <\/div>\r\n    <\/div>\n  <\/div><div class=\"item item-9609 skin flat even 114 \">\n        <div class=\"layer-wrapper layout-9582\">\n          <div class=\"layer-media \"\r\n        id=\"\">\r\n        <div\r\n        class=\"element element_1  element-media \">\r\n        <img width=\"411\" height=\"122\" src=\"https:\/\/ricardobarojaeskola.educacion.navarra.es\/web\/wp-content\/uploads\/2020\/06\/gorptz.png\" class=\"attachment-large size-large wp-post-image\" alt=\"\" loading=\"lazy\" \/>    <\/div>\r\n    <\/div>\r\n    <div class=\"layer-content element_3\"\r\n        id=\"\">\r\n        <div class=\"element element_4  title \">\r\n                    <a target=\"\"\r\n                href=\"https:\/\/ricardobarojaeskola.educacion.navarra.es\/web\/es\/blog\/2020\/06\/12\/educacion-fisica-en-la-era-covid-19\/\">EDUCACI\u00d3N F\u00cdSICA EN LA ERA COVID -19<\/a>\r\n            <\/div>\r\n    <div\r\n        class=\"element element_5  excerpt_read_more \">\r\n        Durante este confinamiento no hemos estado parados, hemos seguido haciendo los ejercicios , cada uno desde casa. Aqu\u00ed ten\u00e9is un        <a target=\"_blank\"\r\n            href=\"https:\/\/ricardobarojaeskola.educacion.navarra.es\/web\/es\/blog\/2020\/06\/12\/educacion-fisica-en-la-era-covid-19\/\"><\/a>\r\n    <\/div>\r\n    <\/div>\r\n    <\/div>\n  <\/div><div class=\"item item-9522 skin flat odd 115 \">\n        <div class=\"layer-wrapper layout-9582\">\n          <div class=\"layer-media \"\r\n        id=\"\">\r\n        <div\r\n        class=\"element element_1  element-media \">\r\n        <img width=\"640\" height=\"427\" src=\"https:\/\/ricardobarojaeskola.educacion.navarra.es\/web\/wp-content\/uploads\/2020\/03\/IMG_0129-1024x683.jpg\" class=\"attachment-large size-large wp-post-image\" alt=\"\" loading=\"lazy\" \/>    <\/div>\r\n    <\/div>\r\n    <div class=\"layer-content element_3\"\r\n        id=\"\">\r\n        <div class=\"element element_4  title \">\r\n                    <a target=\"\"\r\n                href=\"https:\/\/ricardobarojaeskola.educacion.navarra.es\/web\/es\/blog\/2020\/03\/06\/inauteriak-2020-2\/\">I\u00d1AUTERIAK 2020<\/a>\r\n            <\/div>\r\n    <div\r\n        class=\"element element_5  excerpt_read_more \">\r\n        Como todos los a\u00f1os en la tarde del Jueves Gordo desfilamos por las calles del pueblo. Los\/as m\u00e1s peque\u00f1os\/as disfrazados\/as        <a target=\"_blank\"\r\n            href=\"https:\/\/ricardobarojaeskola.educacion.navarra.es\/web\/es\/blog\/2020\/03\/06\/inauteriak-2020-2\/\"><\/a>\r\n    <\/div>\r\n    <\/div>\r\n    <\/div>\n  <\/div><div class=\"item item-9511 skin flat even 116 \">\n        <div class=\"layer-wrapper layout-9582\">\n          <div class=\"layer-media \"\r\n        id=\"\">\r\n        <div\r\n        class=\"element element_1  element-media \">\r\n        <img width=\"640\" height=\"320\" src=\"https:\/\/ricardobarojaeskola.educacion.navarra.es\/web\/wp-content\/uploads\/2020\/03\/WhatsApp-Image-2020-03-06-at-11.29.374-1024x512.jpeg\" class=\"attachment-large size-large wp-post-image\" alt=\"Soinua iratzarri\" loading=\"lazy\" \/>    <\/div>\r\n    <\/div>\r\n    <div class=\"layer-content element_3\"\r\n        id=\"\">\r\n        <div class=\"element element_4  title \">\r\n                    <a target=\"\"\r\n                href=\"https:\/\/ricardobarojaeskola.educacion.navarra.es\/web\/es\/blog\/2020\/03\/06\/soinua-iratzarri-2\/\">SOINUA IRATZARRI<\/a>\r\n            <\/div>\r\n    <div\r\n        class=\"element element_5  excerpt_read_more \">\r\n        Avanzamos con el proyecto \"Soinua iratzarri\". El 5 de marzo creamos un paisaje sonoro poniendo m\u00fasica a nuestro entorno.        <a target=\"_blank\"\r\n            href=\"https:\/\/ricardobarojaeskola.educacion.navarra.es\/web\/es\/blog\/2020\/03\/06\/soinua-iratzarri-2\/\"><\/a>\r\n    <\/div>\r\n    <\/div>\r\n    <\/div>\n  <\/div><div class=\"item item-9421 skin flat odd 117 \">\n        <div class=\"layer-wrapper layout-9582\">\n          <div class=\"layer-media \"\r\n        id=\"\">\r\n        <div\r\n        class=\"element element_1  element-media \">\r\n        <img width=\"640\" height=\"478\" src=\"https:\/\/ricardobarojaeskola.educacion.navarra.es\/web\/wp-content\/uploads\/2020\/01\/WhatsApp-Image-2020-01-10-at-13.06.471-1024x765.jpeg\" class=\"attachment-large size-large wp-post-image\" alt=\"\" loading=\"lazy\" \/>    <\/div>\r\n    <\/div>\r\n    <div class=\"layer-content element_3\"\r\n        id=\"\">\r\n        <div class=\"element element_4  title \">\r\n                    <a target=\"\"\r\n                href=\"https:\/\/ricardobarojaeskola.educacion.navarra.es\/web\/es\/blog\/2020\/01\/20\/en-el-teatro\/\">EN EL TEATRO<\/a>\r\n            <\/div>\r\n    <div\r\n        class=\"element element_5  excerpt_read_more \">\r\n        El 9 de enero fuimos a ver la obra \"En transito\" protagonizada por Esther Carrizo y Araitz Bizkai. Una reflexi\u00f3n        <a target=\"_blank\"\r\n            href=\"https:\/\/ricardobarojaeskola.educacion.navarra.es\/web\/es\/blog\/2020\/01\/20\/en-el-teatro\/\"><\/a>\r\n    <\/div>\r\n    <\/div>\r\n    <\/div>\n  <\/div><div class=\"item item-9376 skin flat even 118 \">\n        <div class=\"layer-wrapper layout-9582\">\n          <div class=\"layer-media \"\r\n        id=\"\">\r\n        <div\r\n        class=\"element element_1  element-media \">\r\n        <img width=\"640\" height=\"426\" src=\"https:\/\/ricardobarojaeskola.educacion.navarra.es\/web\/wp-content\/uploads\/2019\/12\/IMG_0434-1024x682.jpg\" class=\"attachment-large size-large wp-post-image\" alt=\"EGUBERRITAKO ENSAIOAK\" loading=\"lazy\" \/>    <\/div>\r\n    <\/div>\r\n    <div class=\"layer-content element_3\"\r\n        id=\"\">\r\n        <div class=\"element element_4  title \">\r\n                    <a target=\"\"\r\n                href=\"https:\/\/ricardobarojaeskola.educacion.navarra.es\/web\/es\/blog\/2019\/12\/20\/ensaioa-pre-navidad\/\">ENSAIOS PRE-NAVIDAD<\/a>\r\n            <\/div>\r\n    <div\r\n        class=\"element element_5  excerpt_read_more \">\r\n        FOTOS        <a target=\"_blank\"\r\n            href=\"https:\/\/ricardobarojaeskola.educacion.navarra.es\/web\/es\/blog\/2019\/12\/20\/ensaioa-pre-navidad\/\"><\/a>\r\n    <\/div>\r\n    <\/div>\r\n    <\/div>\n  <\/div><div class=\"item item-9350 skin flat odd 119 \">\n        <div class=\"layer-wrapper layout-9582\">\n          <div class=\"layer-media \"\r\n        id=\"\">\r\n        <div\r\n        class=\"element element_1  element-media \">\r\n        <img width=\"640\" height=\"426\" src=\"https:\/\/ricardobarojaeskola.educacion.navarra.es\/web\/wp-content\/uploads\/2019\/12\/IMG_0405-1024x682.jpg\" class=\"attachment-large size-large wp-post-image\" alt=\"JOKIN MITXELENA\" loading=\"lazy\" \/>    <\/div>\r\n    <\/div>\r\n    <div class=\"layer-content element_3\"\r\n        id=\"\">\r\n        <div class=\"element element_4  title \">\r\n                    <a target=\"\"\r\n                href=\"https:\/\/ricardobarojaeskola.educacion.navarra.es\/web\/es\/blog\/2019\/12\/19\/escritores-en-la-escuela\/\">ESCRITORES EN LA ESCUELA<\/a>\r\n            <\/div>\r\n    <div\r\n        class=\"element element_5  excerpt_read_more \">\r\n        Este a\u00f1o tambi\u00e9n, el alumnado de 2\u00ba ciclo ha participado en el ciclo \u201cIdazleak Eskolan\u201d. El pasado d\u00eda 5 de        <a target=\"_blank\"\r\n            href=\"https:\/\/ricardobarojaeskola.educacion.navarra.es\/web\/es\/blog\/2019\/12\/19\/escritores-en-la-escuela\/\"><\/a>\r\n    <\/div>\r\n    <\/div>\r\n    <\/div>\n  <\/div><div class=\"item item-9338 skin flat even 120 \">\n        <div class=\"layer-wrapper layout-9582\">\n          <div class=\"layer-media \"\r\n        id=\"\">\r\n        <div\r\n        class=\"element element_1  element-media \">\r\n        <img width=\"640\" height=\"480\" src=\"https:\/\/ricardobarojaeskola.educacion.navarra.es\/web\/wp-content\/uploads\/2019\/12\/IMG_8216-1024x768.jpg\" class=\"attachment-large size-large wp-post-image\" alt=\"BATZARRA\" loading=\"lazy\" \/>    <\/div>\r\n    <\/div>\r\n    <div class=\"layer-content element_3\"\r\n        id=\"\">\r\n        <div class=\"element element_4  title \">\r\n                    <a target=\"\"\r\n                href=\"https:\/\/ricardobarojaeskola.educacion.navarra.es\/web\/es\/blog\/2019\/12\/19\/asamblea\/\">ASAMBLEA<\/a>\r\n            <\/div>\r\n    <div\r\n        class=\"element element_5  excerpt_read_more \">\r\n        Cada dos meses el alumnado de 3\u00ba, 4\u00ba, 5\u00ba y 6\u00ba de primaria realiza una asamblea, dirigida por un grupo        <a target=\"_blank\"\r\n            href=\"https:\/\/ricardobarojaeskola.educacion.navarra.es\/web\/es\/blog\/2019\/12\/19\/asamblea\/\"><\/a>\r\n    <\/div>\r\n    <\/div>\r\n    <\/div>\n  <\/div><div class=\"item item-9286 skin flat odd 121 \">\n        <div class=\"layer-wrapper layout-9582\">\n          <div class=\"layer-media \"\r\n        id=\"\">\r\n        <div\r\n        class=\"element element_1  element-media \">\r\n        <img width=\"640\" height=\"378\" src=\"https:\/\/ricardobarojaeskola.educacion.navarra.es\/web\/wp-content\/uploads\/2019\/12\/soinua.png\" class=\"attachment-large size-large wp-post-image\" alt=\"soinua\" loading=\"lazy\" \/>    <\/div>\r\n    <\/div>\r\n    <div class=\"layer-content element_3\"\r\n        id=\"\">\r\n        <div class=\"element element_4  title \">\r\n                    <a target=\"\"\r\n                href=\"https:\/\/ricardobarojaeskola.educacion.navarra.es\/web\/es\/blog\/2019\/12\/11\/soinua-iratzarri\/\">SOINUA IRATZARRI<\/a>\r\n            <\/div>\r\n    <div\r\n        class=\"element element_5  excerpt_read_more \">\r\n                <a target=\"_blank\"\r\n            href=\"https:\/\/ricardobarojaeskola.educacion.navarra.es\/web\/es\/blog\/2019\/12\/11\/soinua-iratzarri\/\"><\/a>\r\n    <\/div>\r\n    <\/div>\r\n    <\/div>\n  <\/div><div class=\"item item-9212 skin flat even 122 \">\n        <div class=\"layer-wrapper layout-9582\">\n          <div class=\"layer-media \"\r\n        id=\"\">\r\n        <div\r\n        class=\"element element_1  element-media \">\r\n        <img width=\"640\" height=\"360\" src=\"https:\/\/ricardobarojaeskola.educacion.navarra.es\/web\/wp-content\/uploads\/2019\/11\/WhatsApp-Image-2019-11-22-at-11.24.38-1024x576.jpeg\" class=\"attachment-large size-large wp-post-image\" alt=\"\" loading=\"lazy\" \/>    <\/div>\r\n    <\/div>\r\n    <div class=\"layer-content element_3\"\r\n        id=\"\">\r\n        <div class=\"element element_4  title \">\r\n                    <a target=\"\"\r\n                href=\"https:\/\/ricardobarojaeskola.educacion.navarra.es\/web\/es\/blog\/2019\/11\/22\/educacion-bial\/\">EDUCACI\u00d3N VIAL<\/a>\r\n            <\/div>\r\n    <div\r\n        class=\"element element_5  excerpt_read_more \">\r\n        Estos \u00faltmos d\u00edas hemos participado en las clases de Educaci\u00f3n Vial, con la ayuda de Agentes de La Polic\u00eda Foral        <a target=\"_blank\"\r\n            href=\"https:\/\/ricardobarojaeskola.educacion.navarra.es\/web\/es\/blog\/2019\/11\/22\/educacion-bial\/\"><\/a>\r\n    <\/div>\r\n    <\/div>\r\n    <\/div>\n  <\/div><div class=\"item item-9091 skin flat odd 123 \">\n        <div class=\"layer-wrapper layout-9582\">\n          <div class=\"layer-media \"\r\n        id=\"\">\r\n        <div\r\n        class=\"element element_1  element-media \">\r\n        <img width=\"640\" height=\"467\" src=\"https:\/\/ricardobarojaeskola.educacion.navarra.es\/web\/wp-content\/uploads\/2019\/10\/P1010280-1024x747.jpg\" class=\"attachment-large size-large wp-post-image\" alt=\"LURRAREN EGUNA 2019\" loading=\"lazy\" \/>    <\/div>\r\n    <\/div>\r\n    <div class=\"layer-content element_3\"\r\n        id=\"\">\r\n        <div class=\"element element_4  title \">\r\n                    <a target=\"\"\r\n                href=\"https:\/\/ricardobarojaeskola.educacion.navarra.es\/web\/es\/blog\/2019\/10\/28\/lurraren-eguna-2019\/\">LURRAREN EGUNA 2019<\/a>\r\n            <\/div>\r\n    <div\r\n        class=\"element element_5  excerpt_read_more \">\r\n        Como no pod\u00eda ser de otro modo, el domingo 27 celebramos el Lurraren Eguna. Nuestro alumnado se desenvolvi\u00f3 perfectamente vendiendo        <a target=\"_blank\"\r\n            href=\"https:\/\/ricardobarojaeskola.educacion.navarra.es\/web\/es\/blog\/2019\/10\/28\/lurraren-eguna-2019\/\"><\/a>\r\n    <\/div>\r\n    <\/div>\r\n    <\/div>\n  <\/div><div class=\"item item-9022 skin flat even 124 \">\n        <div class=\"layer-wrapper layout-9582\">\n          <div class=\"layer-media \"\r\n        id=\"\">\r\n        <div\r\n        class=\"element element_1  element-media \">\r\n        <img width=\"640\" height=\"489\" src=\"https:\/\/ricardobarojaeskola.educacion.navarra.es\/web\/wp-content\/uploads\/2019\/10\/NEEF60122222-1024x782.jpg\" class=\"attachment-large size-large wp-post-image\" alt=\"3.zikloa Hendaiara bizikletaz\" loading=\"lazy\" \/>    <\/div>\r\n    <\/div>\r\n    <div class=\"layer-content element_3\"\r\n        id=\"\">\r\n        <div class=\"element element_4  title \">\r\n                    <a target=\"\"\r\n                href=\"https:\/\/ricardobarojaeskola.educacion.navarra.es\/web\/es\/blog\/2019\/10\/16\/a-hendaia-en-bicicleta\/\">A HENDAIA EN BICICLETA<\/a>\r\n            <\/div>\r\n    <div\r\n        class=\"element element_5  excerpt_read_more \">\r\n        El alumnado del tercer ciclo hemos ido, como todos los a\u00f1os, a Hendaia en bicicleta. Afortunadamente el tiempo nos acompa\u00f1\u00f3        <a target=\"_blank\"\r\n            href=\"https:\/\/ricardobarojaeskola.educacion.navarra.es\/web\/es\/blog\/2019\/10\/16\/a-hendaia-en-bicicleta\/\"><\/a>\r\n    <\/div>\r\n    <\/div>\r\n    <\/div>\n  <\/div><div class=\"item item-8984 skin flat odd 125 \">\n        <div class=\"layer-wrapper layout-9582\">\n          <div class=\"layer-media \"\r\n        id=\"\">\r\n        <div\r\n        class=\"element element_1  element-media \">\r\n        <img width=\"640\" height=\"316\" src=\"https:\/\/ricardobarojaeskola.educacion.navarra.es\/web\/wp-content\/uploads\/2019\/10\/IMG_0322-1024x505.jpg\" class=\"attachment-large size-large wp-post-image\" alt=\"LIZUNIAGA 2019\/20\" loading=\"lazy\" \/>    <\/div>\r\n    <\/div>\r\n    <div class=\"layer-content element_3\"\r\n        id=\"\">\r\n        <div class=\"element element_4  title \">\r\n                    <a target=\"\"\r\n                href=\"https:\/\/ricardobarojaeskola.educacion.navarra.es\/web\/es\/blog\/2019\/10\/02\/lizuniaga-2019\/\">LIZUNIAGA 2019<\/a>\r\n            <\/div>\r\n    <div\r\n        class=\"element element_5  excerpt_read_more \">\r\n        Como hacemos todos los a\u00f1os, el jueves 26 de septiembre, subimos a Lizuniaga a celebrar el principio de curso. \u00a1Nos        <a target=\"_blank\"\r\n            href=\"https:\/\/ricardobarojaeskola.educacion.navarra.es\/web\/es\/blog\/2019\/10\/02\/lizuniaga-2019\/\"><\/a>\r\n    <\/div>\r\n    <\/div>\r\n    <\/div>\n  <\/div><div class=\"item item-8853 skin flat even 126 \">\n        <div class=\"layer-wrapper layout-9582\">\n          <div class=\"layer-media \"\r\n        id=\"\">\r\n        <div\r\n        class=\"element element_1  element-media \">\r\n        <img width=\"640\" height=\"299\" src=\"https:\/\/ricardobarojaeskola.educacion.navarra.es\/web\/wp-content\/uploads\/2019\/06\/azken-1024x478.png\" class=\"attachment-large size-large wp-post-image\" alt=\"azken eguneko besta 2018\/19\" loading=\"lazy\" \/>    <\/div>\r\n    <\/div>\r\n    <div class=\"layer-content element_3\"\r\n        id=\"\">\r\n        <div class=\"element element_4  title \">\r\n                    <a target=\"\"\r\n                href=\"https:\/\/ricardobarojaeskola.educacion.navarra.es\/web\/es\/blog\/2019\/06\/26\/fiesta-fin-de-curso-2\/\">FIESTA FIN DE CURSO<\/a>\r\n            <\/div>\r\n    <div\r\n        class=\"element element_5  excerpt_read_more \">\r\n        El pasado viernes 21 de junio, celebramos la fiesta de fin de curso y despedimos al alumnado de 6\u00ba, que        <a target=\"_blank\"\r\n            href=\"https:\/\/ricardobarojaeskola.educacion.navarra.es\/web\/es\/blog\/2019\/06\/26\/fiesta-fin-de-curso-2\/\"><\/a>\r\n    <\/div>\r\n    <\/div>\r\n    <\/div>\n  <\/div><div class=\"item item-8807 skin flat odd 127 \">\n        <div class=\"layer-wrapper layout-9582\">\n          <div class=\"layer-media \"\r\n        id=\"\">\r\n        <div\r\n        class=\"element element_1  element-media \">\r\n        <img width=\"640\" height=\"480\" src=\"https:\/\/ricardobarojaeskola.educacion.navarra.es\/web\/wp-content\/uploads\/2019\/06\/WhatsApp-Image-2019-06-06-at-10.39.232-1024x768.jpeg\" class=\"attachment-large size-large wp-post-image\" alt=\"\" loading=\"lazy\" \/>    <\/div>\r\n    <\/div>\r\n    <div class=\"layer-content element_3\"\r\n        id=\"\">\r\n        <div class=\"element element_4  title \">\r\n                    <a target=\"\"\r\n                href=\"https:\/\/ricardobarojaeskola.educacion.navarra.es\/web\/es\/blog\/2019\/06\/18\/ultima-bisita-de-lcurso\/\">ULTIMA BISITA DE LCURSO..<\/a>\r\n            <\/div>\r\n    <div\r\n        class=\"element element_5  excerpt_read_more \">\r\n        omo sab\u00e9is durante este curso 2018\/19 hemos realizado diferentes bisitas y actividades con nuestro mayores del centro San Jos\u00e9 de        <a target=\"_blank\"\r\n            href=\"https:\/\/ricardobarojaeskola.educacion.navarra.es\/web\/es\/blog\/2019\/06\/18\/ultima-bisita-de-lcurso\/\"><\/a>\r\n    <\/div>\r\n    <\/div>\r\n    <\/div>\n  <\/div><div class=\"item item-8746 skin flat even 128 \">\n        <div class=\"layer-wrapper layout-9582\">\n          <div class=\"layer-media \"\r\n        id=\"\">\r\n        <div\r\n        class=\"element element_1  element-media \">\r\n        <img width=\"640\" height=\"427\" src=\"https:\/\/ricardobarojaeskola.educacion.navarra.es\/web\/wp-content\/uploads\/2019\/06\/DSC_0227-1024x683.jpg\" class=\"attachment-large size-large wp-post-image\" alt=\"MUGAZGAIN\" loading=\"lazy\" \/>    <\/div>\r\n    <\/div>\r\n    <div class=\"layer-content element_3\"\r\n        id=\"\">\r\n        <div class=\"element element_4  title \">\r\n                    <a target=\"\"\r\n                href=\"https:\/\/ricardobarojaeskola.educacion.navarra.es\/web\/es\/blog\/2019\/06\/04\/mugazgain-2018-19\/\">MUGAZGAIN 2018\/19<\/a>\r\n            <\/div>\r\n    <div\r\n        class=\"element element_5  excerpt_read_more \">\r\n        Como todos los a\u00f1os, este curso tambi\u00e9n nuestra escuela ha participado en el encuentro de teatro Mugaz Gain. Este curso        <a target=\"_blank\"\r\n            href=\"https:\/\/ricardobarojaeskola.educacion.navarra.es\/web\/es\/blog\/2019\/06\/04\/mugazgain-2018-19\/\"><\/a>\r\n    <\/div>\r\n    <\/div>\r\n    <\/div>\n  <\/div><div class=\"item item-8731 skin flat odd 129 \">\n        <div class=\"layer-wrapper layout-9582\">\n          <div class=\"layer-media \"\r\n        id=\"\">\r\n        <div\r\n        class=\"element element_1  element-media \">\r\n        <img width=\"640\" height=\"311\" src=\"https:\/\/ricardobarojaeskola.educacion.navarra.es\/web\/wp-content\/uploads\/2019\/06\/20190517_102734-1024x498.jpg\" class=\"attachment-large size-large wp-post-image\" alt=\"Zuhatza2018\/19\" loading=\"lazy\" \/>    <\/div>\r\n    <\/div>\r\n    <div class=\"layer-content element_3\"\r\n        id=\"\">\r\n        <div class=\"element element_4  title \">\r\n                    <a target=\"\"\r\n                href=\"https:\/\/ricardobarojaeskola.educacion.navarra.es\/web\/es\/blog\/2019\/06\/03\/zuhatza-2018-19\/\">ZUHATZA 2018\/19<\/a>\r\n            <\/div>\r\n    <div\r\n        class=\"element element_5  excerpt_read_more \">\r\n        El alumnado y el profesorado del tercer ciclo estuvimos, del 14 al 17 de mayo en el albergue de la        <a target=\"_blank\"\r\n            href=\"https:\/\/ricardobarojaeskola.educacion.navarra.es\/web\/es\/blog\/2019\/06\/03\/zuhatza-2018-19\/\"><\/a>\r\n    <\/div>\r\n    <\/div>\r\n    <\/div>\n  <\/div><div class=\"item item-8720 skin flat even 130 \">\n        <div class=\"layer-wrapper layout-9582\">\n          <div class=\"layer-media \"\r\n        id=\"\">\r\n        <div\r\n        class=\"element element_1  element-media \">\r\n        <img width=\"640\" height=\"313\" src=\"https:\/\/ricardobarojaeskola.educacion.navarra.es\/web\/wp-content\/uploads\/2019\/05\/zahar-1024x501.jpg\" class=\"attachment-large size-large wp-post-image\" alt=\"zahar-etxekoak bisitan\" loading=\"lazy\" \/>    <\/div>\r\n    <\/div>\r\n    <div class=\"layer-content element_3\"\r\n        id=\"\">\r\n        <div class=\"element element_4  title \">\r\n                    <a target=\"\"\r\n                href=\"https:\/\/ricardobarojaeskola.educacion.navarra.es\/web\/es\/blog\/2019\/05\/28\/visita-al-colegio\/\">VISITA AL COLEGIO<\/a>\r\n            <\/div>\r\n    <div\r\n        class=\"element element_5  excerpt_read_more \">\r\n        L@s alumn@s de 5\u00ba vamos todos los meses a la residencia de ancianos. En la visita de este de mes        <a target=\"_blank\"\r\n            href=\"https:\/\/ricardobarojaeskola.educacion.navarra.es\/web\/es\/blog\/2019\/05\/28\/visita-al-colegio\/\"><\/a>\r\n    <\/div>\r\n    <\/div>\r\n    <\/div>\n  <\/div><div class=\"item item-8666 skin flat odd 131 \">\n        <div class=\"layer-wrapper layout-9582\">\n          <div class=\"layer-media \"\r\n        id=\"\">\r\n        <div\r\n        class=\"element element_1  element-media \">\r\n        <img width=\"640\" height=\"233\" src=\"https:\/\/ricardobarojaeskola.educacion.navarra.es\/web\/wp-content\/uploads\/2019\/04\/EHIQ2014-1024x373.jpg\" class=\"attachment-large size-large wp-post-image\" alt=\"\" loading=\"lazy\" \/>    <\/div>\r\n    <\/div>\r\n    <div class=\"layer-content element_3\"\r\n        id=\"\">\r\n        <div class=\"element element_4  title \">\r\n                    <a target=\"\"\r\n                href=\"https:\/\/ricardobarojaeskola.educacion.navarra.es\/web\/es\/blog\/2019\/04\/29\/a-arantza-andando\/\">A ARANTZA ANDANDO<\/a>\r\n            <\/div>\r\n    <div\r\n        class=\"element element_5  excerpt_read_more \">\r\n        El 16 de abril, alumn@s y profesor@s del tercer ciclo fuimos al monte. Nuestra intenci\u00f3n era ir andando a Arantza:        <a target=\"_blank\"\r\n            href=\"https:\/\/ricardobarojaeskola.educacion.navarra.es\/web\/es\/blog\/2019\/04\/29\/a-arantza-andando\/\"><\/a>\r\n    <\/div>\r\n    <\/div>\r\n    <\/div>\n  <\/div><div class=\"item item-8652 skin flat even 132 \">\n        <div class=\"layer-wrapper layout-9582\">\n          <div class=\"layer-media \"\r\n        id=\"\">\r\n        <div\r\n        class=\"element element_1  element-media \">\r\n        <img width=\"640\" height=\"480\" src=\"https:\/\/ricardobarojaeskola.educacion.navarra.es\/web\/wp-content\/uploads\/2019\/04\/TKLP0772-1024x768.jpg\" class=\"attachment-large size-large wp-post-image\" alt=\"MIKROIPUI LEHIAKETA\" loading=\"lazy\" \/>    <\/div>\r\n    <\/div>\r\n    <div class=\"layer-content element_3\"\r\n        id=\"\">\r\n        <div class=\"element element_4  title \">\r\n                    <a target=\"\"\r\n                href=\"https:\/\/ricardobarojaeskola.educacion.navarra.es\/web\/es\/blog\/2019\/04\/29\/mikroipuin-leihaketa\/\">MIKROIPUIN LEIHAKETA<\/a>\r\n            <\/div>\r\n    <div\r\n        class=\"element element_5  excerpt_read_more \">\r\n        Nuestros alumnos Eneko Etxeberria y Aimar Arandia, han sido premiados en el concurso de relatos cortos que organiza cada a\u00f1o        <a target=\"_blank\"\r\n            href=\"https:\/\/ricardobarojaeskola.educacion.navarra.es\/web\/es\/blog\/2019\/04\/29\/mikroipuin-leihaketa\/\"><\/a>\r\n    <\/div>\r\n    <\/div>\r\n    <\/div>\n  <\/div><div class=\"item item-8569 skin flat odd 133 \">\n        <div class=\"layer-wrapper layout-9582\">\n          <div class=\"layer-media \"\r\n        id=\"\">\r\n        <div\r\n        class=\"element element_1  element-media \">\r\n        <img width=\"640\" height=\"382\" src=\"https:\/\/ricardobarojaeskola.educacion.navarra.es\/web\/wp-content\/uploads\/2019\/03\/32cd5d0f-67db-44f5-9fac-b07a3b2cb606.jpg\" class=\"attachment-large size-large wp-post-image\" alt=\"5.maila zahar etxean\" loading=\"lazy\" \/>    <\/div>\r\n    <\/div>\r\n    <div class=\"layer-content element_3\"\r\n        id=\"\">\r\n        <div class=\"element element_4  title \">\r\n                    <a target=\"\"\r\n                href=\"https:\/\/ricardobarojaeskola.educacion.navarra.es\/web\/es\/blog\/2019\/03\/25\/el-alumnado-de-5o-de-visita-en-la-residencia\/\">EL ALUMNADO DE 5\u00ba DE VISITA EN LA RESIDENCIA<\/a>\r\n            <\/div>\r\n    <div\r\n        class=\"element element_5  excerpt_read_more \">\r\n        El alumnado de 5\u00ba vamos una vez al mes a la Residencia de ancianos. En febrero participamos en la Semana        <a target=\"_blank\"\r\n            href=\"https:\/\/ricardobarojaeskola.educacion.navarra.es\/web\/es\/blog\/2019\/03\/25\/el-alumnado-de-5o-de-visita-en-la-residencia\/\"><\/a>\r\n    <\/div>\r\n    <\/div>\r\n    <\/div>\n  <\/div><div class=\"item item-8553 skin flat even 134 \">\n        <div class=\"layer-wrapper layout-9582\">\n          <div class=\"layer-media \"\r\n        id=\"\">\r\n        <div\r\n        class=\"element element_1  element-media \">\r\n        <img width=\"640\" height=\"311\" src=\"https:\/\/ricardobarojaeskola.educacion.navarra.es\/web\/wp-content\/uploads\/2019\/03\/20190301_110658-1024x498.jpg\" class=\"attachment-large size-large wp-post-image\" alt=\"IRU\u00d1EA ATERALDIA\" loading=\"lazy\" \/>    <\/div>\r\n    <\/div>\r\n    <div class=\"layer-content element_3\"\r\n        id=\"\">\r\n        <div class=\"element element_4  title \">\r\n                    <a target=\"\"\r\n                href=\"https:\/\/ricardobarojaeskola.educacion.navarra.es\/web\/es\/blog\/2019\/03\/15\/de-visita-en-pamplona\/\">DE VISITA EN PAMPLONA<\/a>\r\n            <\/div>\r\n    <div\r\n        class=\"element element_5  excerpt_read_more \">\r\n        El pasado dia 1 de Marzo, el alumnado de 5\u00ba y 6\u00ba de primaria estuvimos en Pamplona. Por la ma\u00f1ana        <a target=\"_blank\"\r\n            href=\"https:\/\/ricardobarojaeskola.educacion.navarra.es\/web\/es\/blog\/2019\/03\/15\/de-visita-en-pamplona\/\"><\/a>\r\n    <\/div>\r\n    <\/div>\r\n    <\/div>\n  <\/div><div class=\"item item-8502 skin flat odd 135 \">\n        <div class=\"layer-wrapper layout-9582\">\n          <div class=\"layer-media \"\r\n        id=\"\">\r\n        <div\r\n        class=\"element element_1  element-media \">\r\n        <img width=\"640\" height=\"427\" src=\"https:\/\/ricardobarojaeskola.educacion.navarra.es\/web\/wp-content\/uploads\/2019\/03\/IMG_03421-1024x683.jpg\" class=\"attachment-large size-large wp-post-image\" alt=\"I\u00f1auteriak2019\" loading=\"lazy\" \/>    <\/div>\r\n    <\/div>\r\n    <div class=\"layer-content element_3\"\r\n        id=\"\">\r\n        <div class=\"element element_4  title \">\r\n                    <a target=\"\"\r\n                href=\"https:\/\/ricardobarojaeskola.educacion.navarra.es\/web\/es\/blog\/2019\/03\/12\/carnavales-2019\/\">CARNAVALES 2019<\/a>\r\n            <\/div>\r\n    <div\r\n        class=\"element element_5  excerpt_read_more \">\r\n        El pasado 28 de febrero celebramos el d\u00eda de Jueves Gordo. Por la ma\u00f1ana, los alumnos y las alumnas del        <a target=\"_blank\"\r\n            href=\"https:\/\/ricardobarojaeskola.educacion.navarra.es\/web\/es\/blog\/2019\/03\/12\/carnavales-2019\/\"><\/a>\r\n    <\/div>\r\n    <\/div>\r\n    <\/div>\n  <\/div><div class=\"item item-8439 skin flat even 136 \">\n        <div class=\"layer-wrapper layout-9582\">\n          <div class=\"layer-media \"\r\n        id=\"\">\r\n        <div\r\n        class=\"element element_1  element-media \">\r\n        <img width=\"640\" height=\"480\" src=\"https:\/\/ricardobarojaeskola.educacion.navarra.es\/web\/wp-content\/uploads\/2019\/02\/WhatsApp-Image-2019-02-01-at-10.40.293-1024x768.jpeg\" class=\"attachment-large size-large wp-post-image\" alt=\"\" loading=\"lazy\" \/>    <\/div>\r\n    <\/div>\r\n    <div class=\"layer-content element_3\"\r\n        id=\"\">\r\n        <div class=\"element element_4  title \">\r\n                    <a target=\"\"\r\n                href=\"https:\/\/ricardobarojaeskola.educacion.navarra.es\/web\/es\/blog\/2019\/02\/01\/san-jose-zahar-etxean-2\/\">SAN JOSE ZAHAR-ETXEAN<\/a>\r\n            <\/div>\r\n    <div\r\n        class=\"element element_5  excerpt_read_more \">\r\n        El 24 de enero las alumnas y alumnos de 5\u00ba, fuimos a la la Residencia de Ancianos de Bera. Leire,        <a target=\"_blank\"\r\n            href=\"https:\/\/ricardobarojaeskola.educacion.navarra.es\/web\/es\/blog\/2019\/02\/01\/san-jose-zahar-etxean-2\/\"><\/a>\r\n    <\/div>\r\n    <\/div>\r\n    <\/div>\n  <\/div><div class=\"item item-8131 skin flat odd 137 \">\n        <div class=\"layer-wrapper layout-9582\">\n          <div class=\"layer-media \"\r\n        id=\"\">\r\n        <div\r\n        class=\"element element_1  element-media \">\r\n        <img width=\"640\" height=\"450\" src=\"https:\/\/ricardobarojaeskola.educacion.navarra.es\/web\/wp-content\/uploads\/2019\/01\/IMG_02312222-1024x720.jpg\" class=\"attachment-large size-large wp-post-image\" alt=\"OLENTZERO &amp; MARI DOMINGI 2018\" loading=\"lazy\" \/>    <\/div>\r\n    <\/div>\r\n    <div class=\"layer-content element_3\"\r\n        id=\"\">\r\n        <div class=\"element element_4  title \">\r\n                    <a target=\"\"\r\n                href=\"https:\/\/ricardobarojaeskola.educacion.navarra.es\/web\/es\/blog\/2019\/01\/10\/olentzero-mari-domingi-2018\/\">OLENTZERO &amp; MARI DOMINGI 2018<\/a>\r\n            <\/div>\r\n    <div\r\n        class=\"element element_5  excerpt_read_more \">\r\n        El 21 de diciembre, y antes de que el 24 por la noche visitaran nuestras casas, Olentzero y Mari Domingi        <a target=\"_blank\"\r\n            href=\"https:\/\/ricardobarojaeskola.educacion.navarra.es\/web\/es\/blog\/2019\/01\/10\/olentzero-mari-domingi-2018\/\"><\/a>\r\n    <\/div>\r\n    <\/div>\r\n    <\/div>\n  <\/div><div class=\"item item-7953 skin flat even 138 \">\n        <div class=\"layer-wrapper layout-9582\">\n          <div class=\"layer-media \"\r\n        id=\"\">\r\n        <div\r\n        class=\"element element_1  element-media \">\r\n        <img width=\"640\" height=\"427\" src=\"https:\/\/ricardobarojaeskola.educacion.navarra.es\/web\/wp-content\/uploads\/2018\/12\/44378143030_825115f19e_z.jpg\" class=\"attachment-large size-large wp-post-image\" alt=\"\" loading=\"lazy\" \/>    <\/div>\r\n    <\/div>\r\n    <div class=\"layer-content element_3\"\r\n        id=\"\">\r\n        <div class=\"element element_4  title \">\r\n                    <a target=\"\"\r\n                href=\"https:\/\/ricardobarojaeskola.educacion.navarra.es\/web\/es\/blog\/2018\/12\/10\/euskararen-eguna-2018\/\">EUSKARAREN EGUNA 2018<\/a>\r\n            <\/div>\r\n    <div\r\n        class=\"element element_5  excerpt_read_more \">\r\n        El pasado d\u00eda 3 de Diciembre se celebr\u00f3 el d\u00eda\u00a0internacional\u00a0del\u00a0Euskara. En la escuela lo celebramos el d\u00eda 5.\u00a0Tuvimos\u00a0la visita de\u00a0Ei        <a target=\"_blank\"\r\n            href=\"https:\/\/ricardobarojaeskola.educacion.navarra.es\/web\/es\/blog\/2018\/12\/10\/euskararen-eguna-2018\/\"><\/a>\r\n    <\/div>\r\n    <\/div>\r\n    <\/div>\n  <\/div><div class=\"item item-7944 skin flat odd 139 \">\n        <div class=\"layer-wrapper layout-9582\">\n          <div class=\"layer-media \"\r\n        id=\"\">\r\n        <div\r\n        class=\"element element_1  element-media \">\r\n        <img width=\"640\" height=\"427\" src=\"https:\/\/ricardobarojaeskola.educacion.navarra.es\/web\/wp-content\/uploads\/2018\/11\/45953112212_776828165c_z.jpg\" class=\"attachment-large size-large wp-post-image\" alt=\"\" loading=\"lazy\" \/>    <\/div>\r\n    <\/div>\r\n    <div class=\"layer-content element_3\"\r\n        id=\"\">\r\n        <div class=\"element element_4  title \">\r\n                    <a target=\"\"\r\n                href=\"https:\/\/ricardobarojaeskola.educacion.navarra.es\/web\/es\/blog\/2018\/11\/30\/lesakako-feriak-2018\/\">LESAKAKO FERIAK 2018<\/a>\r\n            <\/div>\r\n    <div\r\n        class=\"element element_5  excerpt_read_more \">\r\n        El jueves pasado, 22 de noviembre, el alumnado de 4\u00ba, 5\u00ba y 6\u00ba, visitamos la feria de Lesaka. Fuimos caminando        <a target=\"_blank\"\r\n            href=\"https:\/\/ricardobarojaeskola.educacion.navarra.es\/web\/es\/blog\/2018\/11\/30\/lesakako-feriak-2018\/\"><\/a>\r\n    <\/div>\r\n    <\/div>\r\n    <\/div>\n  <\/div><div class=\"item item-7648 skin flat even 140 \">\n        <div class=\"layer-wrapper layout-9582\">\n          <div class=\"layer-media \"\r\n        id=\"\">\r\n        <div\r\n        class=\"element element_1  element-media \">\r\n        <img width=\"640\" height=\"275\" src=\"https:\/\/ricardobarojaeskola.educacion.navarra.es\/web\/wp-content\/uploads\/2018\/10\/Lizuniaga2018.jpg\" class=\"attachment-large size-large wp-post-image\" alt=\"\" loading=\"lazy\" \/>    <\/div>\r\n    <\/div>\r\n    <div class=\"layer-content element_3\"\r\n        id=\"\">\r\n        <div class=\"element element_4  title \">\r\n                    <a target=\"\"\r\n                href=\"https:\/\/ricardobarojaeskola.educacion.navarra.es\/web\/es\/blog\/2018\/09\/28\/lizuniaga-2018\/\">LIZUNIAGA 2018<\/a>\r\n            <\/div>\r\n    <div\r\n        class=\"element element_5  excerpt_read_more \">\r\n        El 27 de septiembre fue el d\u00eda elegido este a\u00f1o para hacer la salida a Lizuniaga. Como siempre, el alumnado        <a target=\"_blank\"\r\n            href=\"https:\/\/ricardobarojaeskola.educacion.navarra.es\/web\/es\/blog\/2018\/09\/28\/lizuniaga-2018\/\"><\/a>\r\n    <\/div>\r\n    <\/div>\r\n    <\/div>\n  <\/div><div class=\"item item-7660 skin flat odd 141 \">\n        <div class=\"layer-wrapper layout-9582\">\n          <div class=\"layer-media \"\r\n        id=\"\">\r\n        <div\r\n        class=\"element element_1  element-media \">\r\n        <img width=\"548\" height=\"365\" src=\"https:\/\/ricardobarojaeskola.educacion.navarra.es\/web\/wp-content\/uploads\/2018\/09\/Zinemaldia.jpg\" class=\"attachment-large size-large wp-post-image\" alt=\"\" loading=\"lazy\" \/>    <\/div>\r\n    <\/div>\r\n    <div class=\"layer-content element_3\"\r\n        id=\"\">\r\n        <div class=\"element element_4  title \">\r\n                    <a target=\"\"\r\n                href=\"https:\/\/ricardobarojaeskola.educacion.navarra.es\/web\/es\/blog\/2018\/09\/22\/zinemaldi\/\">ZINEMALDI<\/a>\r\n            <\/div>\r\n    <div\r\n        class=\"element element_5  excerpt_read_more \">\r\n        El viernes 21 de septiembre, todo el alumnado de Educaci\u00f3n Primaria fuimos al Zinemaldi. Vimos la pel\u00edcula de aventuras \u201cPaddington        <a target=\"_blank\"\r\n            href=\"https:\/\/ricardobarojaeskola.educacion.navarra.es\/web\/es\/blog\/2018\/09\/22\/zinemaldi\/\"><\/a>\r\n    <\/div>\r\n    <\/div>\r\n    <\/div>\n  <\/div><div class=\"item item-5971 skin flat even 142 \">\n        <div class=\"layer-wrapper layout-9582\">\n          <div class=\"layer-media \"\r\n        id=\"\">\r\n        <div\r\n        class=\"element element_1  element-media \">\r\n        <img width=\"548\" height=\"365\" src=\"https:\/\/ricardobarojaeskola.educacion.navarra.es\/web\/wp-content\/uploads\/2018\/04\/EskiAstea.png\" class=\"attachment-large size-large wp-post-image\" alt=\"\" loading=\"lazy\" \/>    <\/div>\r\n    <\/div>\r\n    <div class=\"layer-content element_3\"\r\n        id=\"\">\r\n        <div class=\"element element_4  title \">\r\n                    <a target=\"\"\r\n                href=\"https:\/\/ricardobarojaeskola.educacion.navarra.es\/web\/es\/blog\/2018\/04\/27\/semana-blanca\/\">SEMANA BLANCA<\/a>\r\n            <\/div>\r\n    <div\r\n        class=\"element element_5  excerpt_read_more \">\r\n        El alumnado de 5\u00ba y 6\u00ba hemos pasado cinco d\u00edas en Isaba y Larra-Belagua. Todas las ma\u00f1anas hemos ido a        <a target=\"_blank\"\r\n            href=\"https:\/\/ricardobarojaeskola.educacion.navarra.es\/web\/es\/blog\/2018\/04\/27\/semana-blanca\/\"><\/a>\r\n    <\/div>\r\n    <\/div>\r\n    <\/div>\n  <\/div><div class=\"item item-1538 skin flat odd 143 \">\n        <div class=\"layer-wrapper layout-9582\">\n          <div class=\"layer-media \"\r\n        id=\"\">\r\n        <div\r\n        class=\"element element_1  element-media \">\r\n        <img width=\"640\" height=\"351\" src=\"https:\/\/ricardobarojaeskola.educacion.navarra.es\/web\/wp-content\/uploads\/2018\/02\/Inauteriak.jpg\" class=\"attachment-large size-large wp-post-image\" alt=\"\" loading=\"lazy\" \/>    <\/div>\r\n    <\/div>\r\n    <div class=\"layer-content element_3\"\r\n        id=\"\">\r\n        <div class=\"element element_4  title \">\r\n                    <a target=\"\"\r\n                href=\"https:\/\/ricardobarojaeskola.educacion.navarra.es\/web\/es\/blog\/2018\/02\/14\/carnavales-2018\/\">CARNAVALES 2018<\/a>\r\n            <\/div>\r\n    <div\r\n        class=\"element element_5  excerpt_read_more \">\r\n        En el enlace de abajo encontrar\u00e9is las fotos de Jueves Gordo (algunas est\u00e1n cogidas de \"erran.eus\"). FOTOS        <a target=\"_blank\"\r\n            href=\"https:\/\/ricardobarojaeskola.educacion.navarra.es\/web\/es\/blog\/2018\/02\/14\/carnavales-2018\/\"><\/a>\r\n    <\/div>\r\n    <\/div>\r\n    <\/div>\n  <\/div><div class=\"item item-2269 skin flat even 144 \">\n        <div class=\"layer-wrapper layout-9582\">\n          <div class=\"layer-media \"\r\n        id=\"\">\r\n        <div\r\n        class=\"element element_1  element-media \">\r\n        <img width=\"640\" height=\"426\" src=\"https:\/\/ricardobarojaeskola.educacion.navarra.es\/web\/wp-content\/uploads\/2018\/01\/img_0829_25548143058_o-1024x682.jpg\" class=\"attachment-large size-large wp-post-image\" alt=\"\" loading=\"lazy\" \/>    <\/div>\r\n    <\/div>\r\n    <div class=\"layer-content element_3\"\r\n        id=\"\">\r\n        <div class=\"element element_4  title \">\r\n                    <a target=\"\"\r\n                href=\"https:\/\/ricardobarojaeskola.educacion.navarra.es\/web\/es\/blog\/2018\/01\/27\/olentzero-y-mari-domingi\/\">OLENTZERO Y MARI DOMINGI<\/a>\r\n            <\/div>\r\n    <div\r\n        class=\"element element_5  excerpt_read_more \">\r\n        El 22 de diciembre, y antes de que el 24 por la noche visitaran nuestras casas, Olentzero y Mari Domingi        <a target=\"_blank\"\r\n            href=\"https:\/\/ricardobarojaeskola.educacion.navarra.es\/web\/es\/blog\/2018\/01\/27\/olentzero-y-mari-domingi\/\"><\/a>\r\n    <\/div>\r\n    <\/div>\r\n    <\/div>\n  <\/div><div class=\"item item-1956 skin flat odd 145 \">\n        <div class=\"layer-wrapper layout-9582\">\n          <div class=\"layer-media \"\r\n        id=\"\">\r\n        <div\r\n        class=\"element element_1  element-media \">\r\n        <img width=\"640\" height=\"332\" src=\"https:\/\/ricardobarojaeskola.educacion.navarra.es\/web\/wp-content\/uploads\/2018\/04\/EuskararenEguna.jpg\" class=\"attachment-large size-large wp-post-image\" alt=\"\" loading=\"lazy\" \/>    <\/div>\r\n    <\/div>\r\n    <div class=\"layer-content element_3\"\r\n        id=\"\">\r\n        <div class=\"element element_4  title \">\r\n                    <a target=\"\"\r\n                href=\"https:\/\/ricardobarojaeskola.educacion.navarra.es\/web\/es\/blog\/2018\/01\/23\/euskararen-eguna-2018-lipdub-2\/\">EUSKARAREN EGUNA 2018 - LIPDUB<\/a>\r\n            <\/div>\r\n    <div\r\n        class=\"element element_5  excerpt_read_more \">\r\n                <a target=\"_blank\"\r\n            href=\"https:\/\/ricardobarojaeskola.educacion.navarra.es\/web\/es\/blog\/2018\/01\/23\/euskararen-eguna-2018-lipdub-2\/\"><\/a>\r\n    <\/div>\r\n    <\/div>\r\n    <\/div>\n  <\/div><div class=\"item item-2319 skin flat even 146 \">\n        <div class=\"layer-wrapper layout-9582\">\n          <div class=\"layer-media \"\r\n        id=\"\">\r\n        <div\r\n        class=\"element element_1  element-media \">\r\n        <img width=\"639\" height=\"327\" src=\"https:\/\/ricardobarojaeskola.educacion.navarra.es\/web\/wp-content\/uploads\/2017\/12\/Bilbo.jpg\" class=\"attachment-large size-large wp-post-image\" alt=\"\" loading=\"lazy\" \/>    <\/div>\r\n    <\/div>\r\n    <div class=\"layer-content element_3\"\r\n        id=\"\">\r\n        <div class=\"element element_4  title \">\r\n                    <a target=\"\"\r\n                href=\"https:\/\/ricardobarojaeskola.educacion.navarra.es\/web\/es\/blog\/2017\/12\/07\/bilbo-3er-ciclo\/\">BILBO - 3ER CICLO<\/a>\r\n            <\/div>\r\n    <div\r\n        class=\"element element_5  excerpt_read_more \">\r\n        El 7 de diciembre estuvimos en Bilbo. El autob\u00fas nos dej\u00f3 en el Puente Colgante de Portugalete, pero en el        <a target=\"_blank\"\r\n            href=\"https:\/\/ricardobarojaeskola.educacion.navarra.es\/web\/es\/blog\/2017\/12\/07\/bilbo-3er-ciclo\/\"><\/a>\r\n    <\/div>\r\n    <\/div>\r\n    <\/div>\n  <\/div><div class=\"item item-2324 skin flat odd 147 \">\n        <div class=\"layer-wrapper layout-9582\">\n          <div class=\"layer-media \"\r\n        id=\"\">\r\n        <div\r\n        class=\"element element_1  element-media \">\r\n        <img width=\"376\" height=\"264\" src=\"https:\/\/ricardobarojaeskola.educacion.navarra.es\/web\/wp-content\/uploads\/2017\/12\/EuskararenEguna.jpg\" class=\"attachment-large size-large wp-post-image\" alt=\"\" loading=\"lazy\" \/>    <\/div>\r\n    <\/div>\r\n    <div class=\"layer-content element_3\"\r\n        id=\"\">\r\n        <div class=\"element element_4  title \">\r\n                    <a target=\"\"\r\n                href=\"https:\/\/ricardobarojaeskola.educacion.navarra.es\/web\/es\/blog\/2017\/12\/03\/euskararen-eguna-2\/\">EUSKARAREN EGUNA<\/a>\r\n            <\/div>\r\n    <div\r\n        class=\"element element_5  excerpt_read_more \">\r\n        El d\u00eda 3 de diciembre se celebra el D\u00eda Internacional del Euskara. En la escuela lo celebramos el d\u00eda 5.        <a target=\"_blank\"\r\n            href=\"https:\/\/ricardobarojaeskola.educacion.navarra.es\/web\/es\/blog\/2017\/12\/03\/euskararen-eguna-2\/\"><\/a>\r\n    <\/div>\r\n    <\/div>\r\n    <\/div>\n  <\/div><div class=\"item item-6002 skin flat even 148 \">\n        <div class=\"layer-wrapper layout-9582\">\n          <div class=\"layer-media \"\r\n        id=\"\">\r\n        <div\r\n        class=\"element element_1  element-media \">\r\n        <img width=\"567\" height=\"565\" src=\"https:\/\/ricardobarojaeskola.educacion.navarra.es\/web\/wp-content\/uploads\/2017\/12\/XorroxinIrratia.jpg\" class=\"attachment-large size-large wp-post-image\" alt=\"\" loading=\"lazy\" \/>    <\/div>\r\n    <\/div>\r\n    <div class=\"layer-content element_3\"\r\n        id=\"\">\r\n        <div class=\"element element_4  title \">\r\n                    <a target=\"\"\r\n                href=\"https:\/\/ricardobarojaeskola.educacion.navarra.es\/web\/es\/blog\/2017\/12\/01\/xorroxin-en-la-escuela\/\">XORROXIN EN LA ESCUELA<\/a>\r\n            <\/div>\r\n    <div\r\n        class=\"element element_5  excerpt_read_more \">\r\n        En los siguientes enlaces encontrar\u00e9is las grabaciones de las sesiones. LH 6. maila A - XOMORROAK LH 6. maila A        <a target=\"_blank\"\r\n            href=\"https:\/\/ricardobarojaeskola.educacion.navarra.es\/web\/es\/blog\/2017\/12\/01\/xorroxin-en-la-escuela\/\"><\/a>\r\n    <\/div>\r\n    <\/div>\r\n    <\/div>\n  <\/div><div class=\"item item-7150 skin flat odd 149 \">\n        <div class=\"layer-wrapper layout-9582\">\n          <div class=\"layer-media \"\r\n        id=\"\">\r\n        <div\r\n        class=\"element element_1  element-media \">\r\n        <img width=\"640\" height=\"283\" src=\"https:\/\/ricardobarojaeskola.educacion.navarra.es\/web\/wp-content\/uploads\/2018\/05\/bera-hendaia1718.jpg\" class=\"attachment-large size-large wp-post-image\" alt=\"\" loading=\"lazy\" \/>    <\/div>\r\n    <\/div>\r\n    <div class=\"layer-content element_3\"\r\n        id=\"\">\r\n        <div class=\"element element_4  title \">\r\n                    <a target=\"\"\r\n                href=\"https:\/\/ricardobarojaeskola.educacion.navarra.es\/web\/es\/blog\/2017\/11\/07\/bera-hendaia-2017-18\/\">BERA - HENDAIA 2017\/18<\/a>\r\n            <\/div>\r\n    <div\r\n        class=\"element element_5  excerpt_read_more \">\r\n        Como todos los a\u00f1os, el alumnado del tercer ciclo fue en bici hasta Hendaia. Gracias a que el tiempo acompa\u00f1\u00f3,        <a target=\"_blank\"\r\n            href=\"https:\/\/ricardobarojaeskola.educacion.navarra.es\/web\/es\/blog\/2017\/11\/07\/bera-hendaia-2017-18\/\"><\/a>\r\n    <\/div>\r\n    <\/div>\r\n    <\/div>\n  <\/div><div class=\"item item-7225 skin flat even 150 \">\n        <div class=\"layer-wrapper layout-9582\">\n          <div class=\"layer-media \"\r\n        id=\"\">\r\n        <div\r\n        class=\"element element_1  element-media \">\r\n        <img width=\"576\" height=\"432\" src=\"https:\/\/ricardobarojaeskola.educacion.navarra.es\/web\/wp-content\/uploads\/2018\/05\/ZINEMALDIA.jpg\" class=\"attachment-large size-large wp-post-image\" alt=\"\" loading=\"lazy\" \/>    <\/div>\r\n    <\/div>\r\n    <div class=\"layer-content element_3\"\r\n        id=\"\">\r\n        <div class=\"element element_4  title \">\r\n                    <a target=\"\"\r\n                href=\"https:\/\/ricardobarojaeskola.educacion.navarra.es\/web\/es\/blog\/2017\/09\/23\/zinemaldia-17-18\/\">ZINEMALDIA 17\/18<\/a>\r\n            <\/div>\r\n    <div\r\n        class=\"element element_5  excerpt_read_more \">\r\n        El pasado 27 de septiembre los alumnos y las alumnas de Educaci\u00f3n Primaria estuvieron en el Festival de Cine de        <a target=\"_blank\"\r\n            href=\"https:\/\/ricardobarojaeskola.educacion.navarra.es\/web\/es\/blog\/2017\/09\/23\/zinemaldia-17-18\/\"><\/a>\r\n    <\/div>\r\n    <\/div>\r\n    <\/div>\n  <\/div><div class=\"item item-7233 skin flat odd 151 \">\n        <div class=\"layer-wrapper layout-9582\">\n          <div class=\"layer-media \"\r\n        id=\"\">\r\n        <div\r\n        class=\"element element_1  element-media \">\r\n        <img width=\"486\" height=\"324\" src=\"https:\/\/ricardobarojaeskola.educacion.navarra.es\/web\/wp-content\/uploads\/2017\/09\/LIZUNIAGA.jpg\" class=\"attachment-large size-large wp-post-image\" alt=\"\" loading=\"lazy\" \/>    <\/div>\r\n    <\/div>\r\n    <div class=\"layer-content element_3\"\r\n        id=\"\">\r\n        <div class=\"element element_4  title \">\r\n                    <a target=\"\"\r\n                href=\"https:\/\/ricardobarojaeskola.educacion.navarra.es\/web\/es\/blog\/2017\/09\/22\/lizuniaga-17-18\/\">LIZUNIAGA 17\/18<\/a>\r\n            <\/div>\r\n    <div\r\n        class=\"element element_5  excerpt_read_more \">\r\n        Con la salida a Lizuniaga que hicimos el pasado 21 de septiembre ponemos en marcha otra vez este curso la        <a target=\"_blank\"\r\n            href=\"https:\/\/ricardobarojaeskola.educacion.navarra.es\/web\/es\/blog\/2017\/09\/22\/lizuniaga-17-18\/\"><\/a>\r\n    <\/div>\r\n    <\/div>\r\n    <\/div>\n  <\/div><div class=\"item item-7239 skin flat even 152 \">\n        <div class=\"layer-wrapper layout-9582\">\n          <div class=\"layer-media \"\r\n        id=\"\">\r\n        <div\r\n        class=\"element element_1  element-media \">\r\n        <img width=\"486\" height=\"324\" src=\"https:\/\/ricardobarojaeskola.educacion.navarra.es\/web\/wp-content\/uploads\/2018\/05\/AzkenEgunekoBesta.jpg\" class=\"attachment-large size-large wp-post-image\" alt=\"\" loading=\"lazy\" \/>    <\/div>\r\n    <\/div>\r\n    <div class=\"layer-content element_3\"\r\n        id=\"\">\r\n        <div class=\"element element_4  title \">\r\n                    <a target=\"\"\r\n                href=\"https:\/\/ricardobarojaeskola.educacion.navarra.es\/web\/es\/blog\/2017\/06\/23\/fiesta-fin-de-curso-16-17\/\">FIESTA FIN DE CURSO 16\/17<\/a>\r\n            <\/div>\r\n    <div\r\n        class=\"element element_5  excerpt_read_more \">\r\n        El pasado 20 de junio, celebramos la fiesta de fin de curso. En primer lugar pudimos presenciar en el front\u00f3n        <a target=\"_blank\"\r\n            href=\"https:\/\/ricardobarojaeskola.educacion.navarra.es\/web\/es\/blog\/2017\/06\/23\/fiesta-fin-de-curso-16-17\/\"><\/a>\r\n    <\/div>\r\n    <\/div>\r\n    <\/div>\n  <\/div><div class=\"item item-7318 skin flat odd 153 \">\n        <div class=\"layer-wrapper layout-9582\">\n          <div class=\"layer-media \"\r\n        id=\"\">\r\n        <div\r\n        class=\"element element_1  element-media \">\r\n        <img width=\"640\" height=\"480\" src=\"https:\/\/ricardobarojaeskola.educacion.navarra.es\/web\/wp-content\/uploads\/2017\/05\/33889562783_327dd06818_b-1024x768.jpg\" class=\"attachment-large size-large wp-post-image\" alt=\"\" loading=\"lazy\" \/>    <\/div>\r\n    <\/div>\r\n    <div class=\"layer-content element_3\"\r\n        id=\"\">\r\n        <div class=\"element element_4  title \">\r\n                    <a target=\"\"\r\n                href=\"https:\/\/ricardobarojaeskola.educacion.navarra.es\/web\/es\/blog\/2017\/05\/15\/zuhatza-ep-3-er-ciclo\/\">ZUHATZA - EP 3.er CICLO<\/a>\r\n            <\/div>\r\n    <div\r\n        class=\"element element_5  excerpt_read_more \">\r\n        Este a\u00f1o los alumnos y las alumnas del 3\u00ba ciclo hemos estado en Zuhatza de campamento, haciendo actividades acu\u00e1ticas. Tambi\u00e9n        <a target=\"_blank\"\r\n            href=\"https:\/\/ricardobarojaeskola.educacion.navarra.es\/web\/es\/blog\/2017\/05\/15\/zuhatza-ep-3-er-ciclo\/\"><\/a>\r\n    <\/div>\r\n    <\/div>\r\n    <\/div>\n  <\/div><div class=\"item item-7345 skin flat even 154 \">\n        <div class=\"layer-wrapper layout-9582\">\n          <div class=\"layer-media \"\r\n        id=\"\">\r\n        <div\r\n        class=\"element element_1  element-media \">\r\n        <img width=\"480\" height=\"166\" src=\"https:\/\/ricardobarojaeskola.educacion.navarra.es\/web\/wp-content\/uploads\/2017\/04\/Larun.jpg\" class=\"attachment-large size-large wp-post-image\" alt=\"\" loading=\"lazy\" \/>    <\/div>\r\n    <\/div>\r\n    <div class=\"layer-content element_3\"\r\n        id=\"\">\r\n        <div class=\"element element_4  title \">\r\n                    <a target=\"\"\r\n                href=\"https:\/\/ricardobarojaeskola.educacion.navarra.es\/web\/es\/blog\/2017\/04\/08\/larun-17\/\">LARUN 17<\/a>\r\n            <\/div>\r\n    <div\r\n        class=\"element element_5  excerpt_read_more \">\r\n        El pasado 7 de abril, los alumnos y las alumnas de 4\u00ba, 5\u00ba y 6\u00ba hicieron una salida a Larun.        <a target=\"_blank\"\r\n            href=\"https:\/\/ricardobarojaeskola.educacion.navarra.es\/web\/es\/blog\/2017\/04\/08\/larun-17\/\"><\/a>\r\n    <\/div>\r\n    <\/div>\r\n    <\/div>\n  <\/div><div class=\"item item-7406 skin flat odd 155 \">\n        <div class=\"layer-wrapper layout-9582\">\n          <div class=\"layer-media \"\r\n        id=\"\">\r\n        <div\r\n        class=\"element element_1  element-media \">\r\n        <img width=\"640\" height=\"417\" src=\"https:\/\/ricardobarojaeskola.educacion.navarra.es\/web\/wp-content\/uploads\/2018\/05\/32731006670_baabb55937_k-1024x667.jpg\" class=\"attachment-large size-large wp-post-image\" alt=\"\" loading=\"lazy\" \/>    <\/div>\r\n    <\/div>\r\n    <div class=\"layer-content element_3\"\r\n        id=\"\">\r\n        <div class=\"element element_4  title \">\r\n                    <a target=\"\"\r\n                href=\"https:\/\/ricardobarojaeskola.educacion.navarra.es\/web\/es\/blog\/2017\/02\/23\/carnavales\/\">CARNAVALES 2017<\/a>\r\n            <\/div>\r\n    <div\r\n        class=\"element element_5  excerpt_read_more \">\r\n        El pasado 23 de febrero celebramos el d\u00eda de Jueves Gordo. Por la ma\u00f1ana, los alumnos y las alumnas del        <a target=\"_blank\"\r\n            href=\"https:\/\/ricardobarojaeskola.educacion.navarra.es\/web\/es\/blog\/2017\/02\/23\/carnavales\/\"><\/a>\r\n    <\/div>\r\n    <\/div>\r\n    <\/div>\n  <\/div><div class=\"item item-7411 skin flat even 156 \">\n        <div class=\"layer-wrapper layout-9582\">\n          <div class=\"layer-media \"\r\n        id=\"\">\r\n        <div\r\n        class=\"element element_1  element-media \">\r\n        <img width=\"640\" height=\"363\" src=\"https:\/\/ricardobarojaeskola.educacion.navarra.es\/web\/wp-content\/uploads\/2018\/05\/32858317082_c54d9f1871_h-1024x580.jpg\" class=\"attachment-large size-large wp-post-image\" alt=\"\" loading=\"lazy\" \/>    <\/div>\r\n    <\/div>\r\n    <div class=\"layer-content element_3\"\r\n        id=\"\">\r\n        <div class=\"element element_4  title \">\r\n                    <a target=\"\"\r\n                href=\"https:\/\/ricardobarojaeskola.educacion.navarra.es\/web\/es\/blog\/2017\/02\/17\/irunea-ep-3er-ciclo\/\">IRU\u00d1EA - EP 3er CICLO<\/a>\r\n            <\/div>\r\n    <div\r\n        class=\"element element_5  excerpt_read_more \">\r\n        El d\u00eda 17 de febrero, los alumnos y alumnas del tercer ciclo hicimos una salida a Iru\u00f1ea. Despu\u00e9s de ver        <a target=\"_blank\"\r\n            href=\"https:\/\/ricardobarojaeskola.educacion.navarra.es\/web\/es\/blog\/2017\/02\/17\/irunea-ep-3er-ciclo\/\"><\/a>\r\n    <\/div>\r\n    <\/div>\r\n    <\/div>\n  <\/div><div class=\"item item-7458 skin flat odd 157 \">\n        <div class=\"layer-wrapper layout-9582\">\n          <div class=\"layer-media \"\r\n        id=\"\">\r\n        <div\r\n        class=\"element element_1  element-media \">\r\n        <img width=\"515\" height=\"387\" src=\"https:\/\/ricardobarojaeskola.educacion.navarra.es\/web\/wp-content\/uploads\/2018\/05\/LesakakoFeriak.jpg\" class=\"attachment-large size-large wp-post-image\" alt=\"\" loading=\"lazy\" \/>    <\/div>\r\n    <\/div>\r\n    <div class=\"layer-content element_3\"\r\n        id=\"\">\r\n        <div class=\"element element_4  title \">\r\n                    <a target=\"\"\r\n                href=\"https:\/\/ricardobarojaeskola.educacion.navarra.es\/web\/es\/blog\/2016\/11\/24\/ferias-de-lesaka\/\">FERIAS DE LESAKA<\/a>\r\n            <\/div>\r\n    <div\r\n        class=\"element element_5  excerpt_read_more \">\r\n        El pasado 24 de noviembre, el alumnado del tercer ciclo fuimos a la Feria de Lesaka. Aunque la v\u00edspera hizo        <a target=\"_blank\"\r\n            href=\"https:\/\/ricardobarojaeskola.educacion.navarra.es\/web\/es\/blog\/2016\/11\/24\/ferias-de-lesaka\/\"><\/a>\r\n    <\/div>\r\n    <\/div>\r\n    <\/div>\n  <\/div><div class=\"item item-7477 skin flat even 158 \">\n        <div class=\"layer-wrapper layout-9582\">\n          <div class=\"layer-media \"\r\n        id=\"\">\r\n        <div\r\n        class=\"element element_1  element-media \">\r\n        <img width=\"467\" height=\"203\" src=\"https:\/\/ricardobarojaeskola.educacion.navarra.es\/web\/wp-content\/uploads\/2018\/05\/Lesaka.jpg\" class=\"attachment-large size-large wp-post-image\" alt=\"\" loading=\"lazy\" \/>    <\/div>\r\n    <\/div>\r\n    <div class=\"layer-content element_3\"\r\n        id=\"\">\r\n        <div class=\"element element_4  title \">\r\n                    <a target=\"\"\r\n                href=\"https:\/\/ricardobarojaeskola.educacion.navarra.es\/web\/es\/blog\/2016\/10\/21\/viaje-a-lesaka\/\">VIAJE A LESAKA<\/a>\r\n            <\/div>\r\n    <div\r\n        class=\"element element_5  excerpt_read_more \">\r\n        El pasado viernes, 21 de octubre, fuimos desde Bera hasta Lesaka caminando. En \u00a0compa\u00f1\u00eda del buen tiempo y de nuestros        <a target=\"_blank\"\r\n            href=\"https:\/\/ricardobarojaeskola.educacion.navarra.es\/web\/es\/blog\/2016\/10\/21\/viaje-a-lesaka\/\"><\/a>\r\n    <\/div>\r\n    <\/div>\r\n    <\/div>\n  <\/div><div class=\"item item-7485 skin flat odd 159 \">\n        <div class=\"layer-wrapper layout-9582\">\n          <div class=\"layer-media \"\r\n        id=\"\">\r\n        <div\r\n        class=\"element element_1  element-media \">\r\n        <img width=\"546\" height=\"307\" src=\"https:\/\/ricardobarojaeskola.educacion.navarra.es\/web\/wp-content\/uploads\/2018\/05\/Hendaia.jpg\" class=\"attachment-large size-large wp-post-image\" alt=\"\" loading=\"lazy\" \/>    <\/div>\r\n    <\/div>\r\n    <div class=\"layer-content element_3\"\r\n        id=\"\">\r\n        <div class=\"element element_4  title \">\r\n                    <a target=\"\"\r\n                href=\"https:\/\/ricardobarojaeskola.educacion.navarra.es\/web\/es\/blog\/2016\/10\/07\/a-hendaia-en-bici-hp-3er-ciclo\/\">A HENDAIA EN BICI - HP 3er CICLO<\/a>\r\n            <\/div>\r\n    <div\r\n        class=\"element element_5  excerpt_read_more \">\r\n        El pasado d\u00eda 7 de octubre, los alumnos y alumnas del tercer ciclo de primaria, fuimos a Hendaia en bicicleta.        <a target=\"_blank\"\r\n            href=\"https:\/\/ricardobarojaeskola.educacion.navarra.es\/web\/es\/blog\/2016\/10\/07\/a-hendaia-en-bici-hp-3er-ciclo\/\"><\/a>\r\n    <\/div>\r\n    <\/div>\r\n    <\/div>\n  <\/div><div class=\"item item-7544 skin flat even 160 \">\n        <div class=\"layer-wrapper layout-9582\">\n          <div class=\"layer-media \"\r\n        id=\"\">\r\n        <div\r\n        class=\"element element_1  element-media \">\r\n        <img width=\"640\" height=\"400\" src=\"https:\/\/ricardobarojaeskola.educacion.navarra.es\/web\/wp-content\/uploads\/2018\/05\/zirkoa-1024x640.png\" class=\"attachment-large size-large wp-post-image\" alt=\"\" loading=\"lazy\" \/>    <\/div>\r\n    <\/div>\r\n    <div class=\"layer-content element_3\"\r\n        id=\"\">\r\n        <div class=\"element element_4  title \">\r\n                    <a target=\"\"\r\n                href=\"https:\/\/ricardobarojaeskola.educacion.navarra.es\/web\/es\/blog\/2016\/06\/17\/circo\/\">CIRCO<\/a>\r\n            <\/div>\r\n    <div\r\n        class=\"element element_5  excerpt_read_more \">\r\n        El pasado 16 de junio los y las alumnos y alumnas de 4\u00ba escenificaron un espect\u00e1culo de circo, que es        <a target=\"_blank\"\r\n            href=\"https:\/\/ricardobarojaeskola.educacion.navarra.es\/web\/es\/blog\/2016\/06\/17\/circo\/\"><\/a>\r\n    <\/div>\r\n    <\/div>\r\n    <\/div>\n  <\/div>    <\/div>\n    <div class=\"pagination\">\n      <div class=\"paginate\">\n      <\/div>\n  <style type=\"text\/css\">\n    #post-grid-9308 .pagination .page-numbers {\n      font-size: 16px;\n      color: #fff;\n      background: #646464;\n    }\n\n    #post-grid-9308 .pagination .page-numbers:hover,\n    #post-grid-9308 .pagination .page-numbers.current {\n      background: #4b4b4b;\n    }\n  <\/style>\n  <\/div>\n        <style type=\"text\/css\">\r\n            .layout-9582 .element_0 {\r\n                            }\r\n\r\n                    <\/style>\r\n        <style type=\"text\/css\">\r\n        .layout-9582 .element_1 {\r\n            overflow: hidden;\r\n                    }\r\n\r\n        .layout-9582 .element_1 img {\r\n            max-width: 100%;\r\n            height: auto;\r\n        }\r\n\r\n        @media only screen and (min-width: 1024px) {\r\n            .layout-9582 .element_1 {\r\n                height: auto;\r\n                            }\r\n        }\r\n\r\n        @media only screen and (min-width: 768px) and (max-width: 1023px) {\r\n            .layout-9582 .element_1 {\r\n                height: auto;\r\n                            }\r\n        }\r\n\r\n        @media only screen and (min-width: 0px) and (max-width: 767px) {\r\n            .layout-9582 .element_1 {\r\n                height: auto;\r\n                            }\r\n        }\r\n    <\/style>\r\n        <style type=\"text\/css\">\r\n            .layout-9582 .element_3 {\r\n                            }\r\n\r\n                    <\/style>\r\n        <style type=\"text\/css\">\r\n        .layout-9582 .element_4 {\r\n            display: block;font-size: 21px;line-height: normal;padding: 5px 10px;text-align: left;        }\r\n\r\n        .layout-9582 .element_4 a {\r\n            display: block;font-size: 21px;line-height: normal;padding: 5px 10px;text-align: left;        }\r\n    <\/style>\r\n    <style type=\"text\/css\">\r\n        .layout-9582 .element_5 {\r\n            font-size:12px;display:block;padding:10px;        }\r\n\r\n        .layout-9582 .element_5 a {\r\n                    }\r\n    <\/style>\r\n        <style type=\"text\/css\">\n      .layout-9582 a{text-decoration:none}\r\n.layout-9582 {\r\n  vertical-align: top;\r\n}\r\n.layout-9582 .layer-media{}\r\n.layout-9582 .layer-content {\r\n}    <\/style>\n    <script>\n          <\/script>\n    <style type=\"text\/css\">\n    #post-grid-9308 {\n      padding: 10px;\n          }\n\n    #post-grid-9308 .item {\n      padding: 0px;\n      background: #fff;\n          }\n\n    #post-grid-9308 .item .layer-media {\n      height:auto;    }\n\n    @media only screen and (min-width: 0px) and (max-width: 767px) {\n      #post-grid-9308 .grid-items {\n        text-align: center;\n              }\n\n      #post-grid-9308 .item {\n        width: 90%;\n        margin: 10px;\n        display: inline-block;\n        vertical-align: top;\n        height:auto;      }\n    }\n\n    @media only screen and (min-width: 768px) and (max-width: 1023px) {\n      #post-grid-9308 .grid-items {\n        text-align: center;\n              }\n\n      #post-grid-9308 .item {\n        width: 280px;\n        margin: 10px;\n        display: inline-block;\n        vertical-align: top;\n        max-height:auto;      }\n    }\n\n    @media only screen and (min-width: 1024px) {\n      #post-grid-9308 .grid-items {\n        text-align: center;\n              }\n\n      #post-grid-9308 .item {\n        width: 280px;\n        display: inline-block;\n        margin: 10px;\n        vertical-align: top;\n        height:auto;      }\n    }\n\n      <\/style>\n  <\/div>\n\n","protected":false},"excerpt":{"rendered":"","protected":false},"author":1,"featured_media":0,"comment_status":"closed","ping_status":"closed","sticky":false,"template":"","format":"standard","meta":[],"categories":[19],"tags":[],"_links":{"self":[{"href":"https:\/\/ricardobarojaeskola.educacion.navarra.es\/web\/es\/wp-json\/wp\/v2\/posts\/9423"}],"collection":[{"href":"https:\/\/ricardobarojaeskola.educacion.navarra.es\/web\/es\/wp-json\/wp\/v2\/posts"}],"about":[{"href":"https:\/\/ricardobarojaeskola.educacion.navarra.es\/web\/es\/wp-json\/wp\/v2\/types\/post"}],"author":[{"embeddable":true,"href":"https:\/\/ricardobarojaeskola.educacion.navarra.es\/web\/es\/wp-json\/wp\/v2\/users\/1"}],"replies":[{"embeddable":true,"href":"https:\/\/ricardobarojaeskola.educacion.navarra.es\/web\/es\/wp-json\/wp\/v2\/comments?post=9423"}],"version-history":[{"count":3,"href":"https:\/\/ricardobarojaeskola.educacion.navarra.es\/web\/es\/wp-json\/wp\/v2\/posts\/9423\/revisions"}],"predecessor-version":[{"id":10942,"href":"https:\/\/ricardobarojaeskola.educacion.navarra.es\/web\/es\/wp-json\/wp\/v2\/posts\/9423\/revisions\/10942"}],"wp:attachment":[{"href":"https:\/\/ricardobarojaeskola.educacion.navarra.es\/web\/es\/wp-json\/wp\/v2\/media?parent=9423"}],"wp:term":[{"taxonomy":"category","embeddable":true,"href":"https:\/\/ricardobarojaeskola.educacion.navarra.es\/web\/es\/wp-json\/wp\/v2\/categories?post=9423"},{"taxonomy":"post_tag","embeddable":true,"href":"https:\/\/ricardobarojaeskola.educacion.navarra.es\/web\/es\/wp-json\/wp\/v2\/tags?post=9423"}],"curies":[{"name":"wp","href":"https:\/\/api.w.org\/{rel}","templated":true}]}}