{"id":7572,"date":"2018-05-18T08:18:04","date_gmt":"2018-05-18T06:18:04","guid":{"rendered":"https:\/\/ricardobarojaeskola.educacion.navarra.es\/web\/?p=7572"},"modified":"2019-01-10T11:00:54","modified_gmt":"2019-01-10T10:00:54","slug":"excursion-a-bertiz","status":"publish","type":"post","link":"https:\/\/ricardobarojaeskola.educacion.navarra.es\/web\/es\/blog\/2018\/05\/18\/excursion-a-bertiz\/","title":{"rendered":"EXCURSI\u00d3N A BERTIZ"},"content":{"rendered":"<p>El pasado viernes 18 de mayo, el alumnado y profesorado de 3 a\u00f1os \u00a0fuimos a Bertiz de excursi\u00f3n. Primero almorzamos y mientras hac\u00edamos juegos fuimos viendo el parque. A continuaci\u00f3n comimos y seguimos jugando libremente. El tiempo nos acompa\u00f1\u00f3 y lo pasamos estupendamente.<\/p>\n<h3 style=\"text-align: center;\"><a href=\"https:\/\/ricardobarojaeskola.educacion.navarra.es\/web\/es\/blog\/2019\/01\/10\/bertiz-2017-18\/\" rel=\"noopener\"><span style=\"color: #008080;\">FOTOS<\/span><\/a><\/h3>\n","protected":false},"excerpt":{"rendered":"<p>El pasado viernes 18 de mayo, el alumnado y profesorado de 3 a\u00f1os \u00a0fuimos a Bertiz de excursi\u00f3n. Primero almorzamos y mientras hac\u00edamos juegos fuimos viendo el parque. A continuaci\u00f3n comimos y seguimos jugando libremente. El tiempo nos acompa\u00f1\u00f3 y lo pasamos estupendamente. FOTOS<\/p>\n","protected":false},"author":1,"featured_media":7578,"comment_status":"closed","ping_status":"closed","sticky":false,"template":"","format":"standard","meta":[],"categories":[46,16,18,41],"tags":[],"_links":{"self":[{"href":"https:\/\/ricardobarojaeskola.educacion.navarra.es\/web\/es\/wp-json\/wp\/v2\/posts\/7572"}],"collection":[{"href":"https:\/\/ricardobarojaeskola.educacion.navarra.es\/web\/es\/wp-json\/wp\/v2\/posts"}],"about":[{"href":"https:\/\/ricardobarojaeskola.educacion.navarra.es\/web\/es\/wp-json\/wp\/v2\/types\/post"}],"author":[{"embeddable":true,"href":"https:\/\/ricardobarojaeskola.educacion.navarra.es\/web\/es\/wp-json\/wp\/v2\/users\/1"}],"replies":[{"embeddable":true,"href":"https:\/\/ricardobarojaeskola.educacion.navarra.es\/web\/es\/wp-json\/wp\/v2\/comments?post=7572"}],"version-history":[{"count":3,"href":"https:\/\/ricardobarojaeskola.educacion.navarra.es\/web\/es\/wp-json\/wp\/v2\/posts\/7572\/revisions"}],"predecessor-version":[{"id":8112,"href":"https:\/\/ricardobarojaeskola.educacion.navarra.es\/web\/es\/wp-json\/wp\/v2\/posts\/7572\/revisions\/8112"}],"wp:featuredmedia":[{"embeddable":true,"href":"https:\/\/ricardobarojaeskola.educacion.navarra.es\/web\/es\/wp-json\/wp\/v2\/media\/7578"}],"wp:attachment":[{"href":"https:\/\/ricardobarojaeskola.educacion.navarra.es\/web\/es\/wp-json\/wp\/v2\/media?parent=7572"}],"wp:term":[{"taxonomy":"category","embeddable":true,"href":"https:\/\/ricardobarojaeskola.educacion.navarra.es\/web\/es\/wp-json\/wp\/v2\/categories?post=7572"},{"taxonomy":"post_tag","embeddable":true,"href":"https:\/\/ricardobarojaeskola.educacion.navarra.es\/web\/es\/wp-json\/wp\/v2\/tags?post=7572"}],"curies":[{"name":"wp","href":"https:\/\/api.w.org\/{rel}","templated":true}]}}