{"id":7275,"date":"2018-03-25T15:52:49","date_gmt":"2018-03-25T13:52:49","guid":{"rendered":"https:\/\/ricardobarojaeskola.educacion.navarra.es\/web\/?p=7275"},"modified":"2018-10-23T12:37:11","modified_gmt":"2018-10-23T10:37:11","slug":"convivencia","status":"publish","type":"post","link":"https:\/\/ricardobarojaeskola.educacion.navarra.es\/web\/es\/blog\/2018\/03\/25\/convivencia\/","title":{"rendered":"PSICOLOG\u00cdA POSITIVA"},"content":{"rendered":"<p>Bienvenidos\/as al blog abierto por la escuela Ricardo Baroja en torno a la Psicolog\u00eda Positiva.<br \/>\nAqu\u00ed encontrar\u00e9is art\u00edculos y noticias sobre esta psicolog\u00eda y, por otra parte,<br \/>\npodr\u00e9is ver unos cuantos v\u00eddeos que reflejan muy bien todo lo que quiere transmitir la Psicolog\u00eda Positiva.<\/p>\n    <div data-options='{&quot;id&quot;:&quot;7268&quot;,&quot;lazy_load&quot;:&quot;no&quot;,&quot;masonry_enable&quot;:&quot;no&quot;,&quot;view_type&quot;:&quot;grid&quot;}' id=\"post-grid-7268\" class=\"post-grid grid\">\n    \n\n\n    <div class=\"grid-items\">\n      <div class=\"item item-7544 skin flat even 0 \">\n        <div class=\"layer-wrapper layout-9579\">\n          <div class=\"layer-media \"\r\n        id=\"\">\r\n        <div\r\n        class=\"element element_1  element-media \">\r\n        <img width=\"640\" height=\"400\" src=\"https:\/\/ricardobarojaeskola.educacion.navarra.es\/web\/wp-content\/uploads\/2018\/05\/zirkoa-1024x640.png\" class=\"attachment-large size-large wp-post-image\" alt=\"\" loading=\"lazy\" \/>    <\/div>\r\n    <\/div>\r\n    <div class=\"layer-content element_3\"\r\n        id=\"\">\r\n        <div class=\"element element_4  title \">\r\n                    <a target=\"\"\r\n                href=\"https:\/\/ricardobarojaeskola.educacion.navarra.es\/web\/es\/blog\/2016\/06\/17\/circo\/\">CIRCO<\/a>\r\n            <\/div>\r\n    <div\r\n        class=\"element element_5  excerpt_read_more \">\r\n        El pasado 16 de junio los y las alumnos y alumnas de 4\u00ba escenificaron un espect\u00e1culo de circo, que es        <a target=\"_blank\"\r\n            href=\"https:\/\/ricardobarojaeskola.educacion.navarra.es\/web\/es\/blog\/2016\/06\/17\/circo\/\"><\/a>\r\n    <\/div>\r\n    <\/div>\r\n    <\/div>\n  <\/div><div class=\"item item-7535 skin flat odd 1 \">\n        <div class=\"layer-wrapper layout-9579\">\n          <div class=\"layer-media \"\r\n        id=\"\">\r\n        <div\r\n        class=\"element element_1  element-media \">\r\n        <img width=\"461\" height=\"264\" src=\"https:\/\/ricardobarojaeskola.educacion.navarra.es\/web\/wp-content\/uploads\/2018\/05\/AzkenEgunekoBesta-1.jpg\" class=\"attachment-large size-large wp-post-image\" alt=\"\" loading=\"lazy\" \/>    <\/div>\r\n    <\/div>\r\n    <div class=\"layer-content element_3\"\r\n        id=\"\">\r\n        <div class=\"element element_4  title \">\r\n                    <a target=\"\"\r\n                href=\"https:\/\/ricardobarojaeskola.educacion.navarra.es\/web\/es\/blog\/2016\/06\/20\/fiesta-fin-de-curso\/\">FIESTA F\u00cdN DE CURSO<\/a>\r\n            <\/div>\r\n    <div\r\n        class=\"element element_5  excerpt_read_more \">\r\n        Aqu\u00ed ten\u00e9is el v\u00eddeo y las fotos de la fiesta de fin de curso. Disfrutad vi\u00e9ndolo. Feliz verano! FOTOS        <a target=\"_blank\"\r\n            href=\"https:\/\/ricardobarojaeskola.educacion.navarra.es\/web\/es\/blog\/2016\/06\/20\/fiesta-fin-de-curso\/\"><\/a>\r\n    <\/div>\r\n    <\/div>\r\n    <\/div>\n  <\/div><div class=\"item item-7509 skin flat even 2 \">\n        <div class=\"layer-wrapper layout-9579\">\n          <div class=\"layer-media \"\r\n        id=\"\">\r\n        <div\r\n        class=\"element element_1  element-media \">\r\n        <img width=\"546\" height=\"307\" src=\"https:\/\/ricardobarojaeskola.educacion.navarra.es\/web\/wp-content\/uploads\/2018\/05\/Zinemaldia2016.jpg\" class=\"attachment-large size-large wp-post-image\" alt=\"\" loading=\"lazy\" \/>    <\/div>\r\n    <\/div>\r\n    <div class=\"layer-content element_3\"\r\n        id=\"\">\r\n        <div class=\"element element_4  title \">\r\n                    <a target=\"\"\r\n                href=\"https:\/\/ricardobarojaeskola.educacion.navarra.es\/web\/es\/blog\/2016\/09\/16\/zinemaldia-2016\/\">ZINEMALDIA 2016<\/a>\r\n            <\/div>\r\n    <div\r\n        class=\"element element_5  excerpt_read_more \">\r\n        El pasado 16 de septiembre los alumnos y las alumnas de Primaria de la escuela estuvieron en el Festival de        <a target=\"_blank\"\r\n            href=\"https:\/\/ricardobarojaeskola.educacion.navarra.es\/web\/es\/blog\/2016\/09\/16\/zinemaldia-2016\/\"><\/a>\r\n    <\/div>\r\n    <\/div>\r\n    <\/div>\n  <\/div><div class=\"item item-7503 skin flat odd 3 \">\n        <div class=\"layer-wrapper layout-9579\">\n          <div class=\"layer-media \"\r\n        id=\"\">\r\n        <div\r\n        class=\"element element_1  element-media \">\r\n        <img width=\"576\" height=\"384\" src=\"https:\/\/ricardobarojaeskola.educacion.navarra.es\/web\/wp-content\/uploads\/2018\/05\/TrenTxikito.jpg\" class=\"attachment-large size-large wp-post-image\" alt=\"\" loading=\"lazy\" \/>    <\/div>\r\n    <\/div>\r\n    <div class=\"layer-content element_3\"\r\n        id=\"\">\r\n        <div class=\"element element_4  title \">\r\n                    <a target=\"\"\r\n                href=\"https:\/\/ricardobarojaeskola.educacion.navarra.es\/web\/es\/blog\/2016\/09\/20\/exposicion-tren-txikito\/\">EXPOSICI\u00d3N \"TREN TXIKITO\"<\/a>\r\n            <\/div>\r\n    <div\r\n        class=\"element element_5  excerpt_read_more \">\r\n        Del 13 al 20 de septiembre en la Casa de Cultura ha habido una exposici\u00f3n sobre el \"Tren Txikito\". Los        <a target=\"_blank\"\r\n            href=\"https:\/\/ricardobarojaeskola.educacion.navarra.es\/web\/es\/blog\/2016\/09\/20\/exposicion-tren-txikito\/\"><\/a>\r\n    <\/div>\r\n    <\/div>\r\n    <\/div>\n  <\/div><div class=\"item item-7497 skin flat even 4 \">\n        <div class=\"layer-wrapper layout-9579\">\n          <div class=\"layer-media \"\r\n        id=\"\">\r\n        <div\r\n        class=\"element element_1  element-media \">\r\n        <img width=\"369\" height=\"379\" src=\"https:\/\/ricardobarojaeskola.educacion.navarra.es\/web\/wp-content\/uploads\/2018\/05\/Lizuniaga.jpg\" class=\"attachment-large size-large wp-post-image\" alt=\"\" loading=\"lazy\" \/>    <\/div>\r\n    <\/div>\r\n    <div class=\"layer-content element_3\"\r\n        id=\"\">\r\n        <div class=\"element element_4  title \">\r\n                    <a target=\"\"\r\n                href=\"https:\/\/ricardobarojaeskola.educacion.navarra.es\/web\/es\/blog\/2016\/09\/28\/lizuniaga-2016\/\">LIZUNIAGA 2016<\/a>\r\n            <\/div>\r\n    <div\r\n        class=\"element element_5  excerpt_read_more \">\r\n        El pasado 27 de septiembre hicimos la salida anual a Lizuniaga. Los alumnos y las alumnas, y los profesores y        <a target=\"_blank\"\r\n            href=\"https:\/\/ricardobarojaeskola.educacion.navarra.es\/web\/es\/blog\/2016\/09\/28\/lizuniaga-2016\/\"><\/a>\r\n    <\/div>\r\n    <\/div>\r\n    <\/div>\n  <\/div><div class=\"item item-7491 skin flat odd 5 \">\n        <div class=\"layer-wrapper layout-9579\">\n          <div class=\"layer-media \"\r\n        id=\"\">\r\n        <div\r\n        class=\"element element_1  element-media \">\r\n        <img width=\"350\" height=\"205\" src=\"https:\/\/ricardobarojaeskola.educacion.navarra.es\/web\/wp-content\/uploads\/2018\/05\/martiko_txiki-39.jpg\" class=\"attachment-large size-large wp-post-image\" alt=\"\" loading=\"lazy\" \/>    <\/div>\r\n    <\/div>\r\n    <div class=\"layer-content element_3\"\r\n        id=\"\">\r\n        <div class=\"element element_4  title \">\r\n                    <a target=\"\"\r\n                href=\"https:\/\/ricardobarojaeskola.educacion.navarra.es\/web\/es\/blog\/2016\/10\/06\/txiki-txef-martiko\/\">TXIKI TXEF - MARTIKO<\/a>\r\n            <\/div>\r\n    <div\r\n        class=\"element element_5  excerpt_read_more \">\r\n        Un grupo de \u00a0alumnas de nuestra escuela han conseguido el primer premio en la categoria de 10-12 a\u00f1os en el        <a target=\"_blank\"\r\n            href=\"https:\/\/ricardobarojaeskola.educacion.navarra.es\/web\/es\/blog\/2016\/10\/06\/txiki-txef-martiko\/\"><\/a>\r\n    <\/div>\r\n    <\/div>\r\n    <\/div>\n  <\/div><div class=\"item item-7485 skin flat even 6 \">\n        <div class=\"layer-wrapper layout-9579\">\n          <div class=\"layer-media \"\r\n        id=\"\">\r\n        <div\r\n        class=\"element element_1  element-media \">\r\n        <img width=\"546\" height=\"307\" src=\"https:\/\/ricardobarojaeskola.educacion.navarra.es\/web\/wp-content\/uploads\/2018\/05\/Hendaia.jpg\" class=\"attachment-large size-large wp-post-image\" alt=\"\" loading=\"lazy\" \/>    <\/div>\r\n    <\/div>\r\n    <div class=\"layer-content element_3\"\r\n        id=\"\">\r\n        <div class=\"element element_4  title \">\r\n                    <a target=\"\"\r\n                href=\"https:\/\/ricardobarojaeskola.educacion.navarra.es\/web\/es\/blog\/2016\/10\/07\/a-hendaia-en-bici-hp-3er-ciclo\/\">A HENDAIA EN BICI - HP 3er CICLO<\/a>\r\n            <\/div>\r\n    <div\r\n        class=\"element element_5  excerpt_read_more \">\r\n        El pasado d\u00eda 7 de octubre, los alumnos y alumnas del tercer ciclo de primaria, fuimos a Hendaia en bicicleta.        <a target=\"_blank\"\r\n            href=\"https:\/\/ricardobarojaeskola.educacion.navarra.es\/web\/es\/blog\/2016\/10\/07\/a-hendaia-en-bici-hp-3er-ciclo\/\"><\/a>\r\n    <\/div>\r\n    <\/div>\r\n    <\/div>\n  <\/div><div class=\"item item-7477 skin flat odd 7 \">\n        <div class=\"layer-wrapper layout-9579\">\n          <div class=\"layer-media \"\r\n        id=\"\">\r\n        <div\r\n        class=\"element element_1  element-media \">\r\n        <img width=\"467\" height=\"203\" src=\"https:\/\/ricardobarojaeskola.educacion.navarra.es\/web\/wp-content\/uploads\/2018\/05\/Lesaka.jpg\" class=\"attachment-large size-large wp-post-image\" alt=\"\" loading=\"lazy\" \/>    <\/div>\r\n    <\/div>\r\n    <div class=\"layer-content element_3\"\r\n        id=\"\">\r\n        <div class=\"element element_4  title \">\r\n                    <a target=\"\"\r\n                href=\"https:\/\/ricardobarojaeskola.educacion.navarra.es\/web\/es\/blog\/2016\/10\/21\/viaje-a-lesaka\/\">VIAJE A LESAKA<\/a>\r\n            <\/div>\r\n    <div\r\n        class=\"element element_5  excerpt_read_more \">\r\n        El pasado viernes, 21 de octubre, fuimos desde Bera hasta Lesaka caminando. En \u00a0compa\u00f1\u00eda del buen tiempo y de nuestros        <a target=\"_blank\"\r\n            href=\"https:\/\/ricardobarojaeskola.educacion.navarra.es\/web\/es\/blog\/2016\/10\/21\/viaje-a-lesaka\/\"><\/a>\r\n    <\/div>\r\n    <\/div>\r\n    <\/div>\n  <\/div><div class=\"item item-7469 skin flat even 8 \">\n        <div class=\"layer-wrapper layout-9579\">\n          <div class=\"layer-media \"\r\n        id=\"\">\r\n        <div\r\n        class=\"element element_1  element-media \">\r\n        <img width=\"473\" height=\"442\" src=\"https:\/\/ricardobarojaeskola.educacion.navarra.es\/web\/wp-content\/uploads\/2018\/05\/TxikiTxefSaria.jpg\" class=\"attachment-large size-large wp-post-image\" alt=\"\" loading=\"lazy\" \/>    <\/div>\r\n    <\/div>\r\n    <div class=\"layer-content element_3\"\r\n        id=\"\">\r\n        <div class=\"element element_4  title \">\r\n                    <a target=\"\"\r\n                href=\"https:\/\/ricardobarojaeskola.educacion.navarra.es\/web\/es\/blog\/2016\/11\/23\/premio-txiki-txef\/\">PREMIO TXIKI TXEF<\/a>\r\n            <\/div>\r\n    <div\r\n        class=\"element element_5  excerpt_read_more \">\r\n        Las alumnas que ganaron el concurso Txiki Txef, han recibido esta semana una parte del premio de manos de las        <a target=\"_blank\"\r\n            href=\"https:\/\/ricardobarojaeskola.educacion.navarra.es\/web\/es\/blog\/2016\/11\/23\/premio-txiki-txef\/\"><\/a>\r\n    <\/div>\r\n    <\/div>\r\n    <\/div>\n  <\/div><div class=\"item item-7458 skin flat odd 9 \">\n        <div class=\"layer-wrapper layout-9579\">\n          <div class=\"layer-media \"\r\n        id=\"\">\r\n        <div\r\n        class=\"element element_1  element-media \">\r\n        <img width=\"515\" height=\"387\" src=\"https:\/\/ricardobarojaeskola.educacion.navarra.es\/web\/wp-content\/uploads\/2018\/05\/LesakakoFeriak.jpg\" class=\"attachment-large size-large wp-post-image\" alt=\"\" loading=\"lazy\" \/>    <\/div>\r\n    <\/div>\r\n    <div class=\"layer-content element_3\"\r\n        id=\"\">\r\n        <div class=\"element element_4  title \">\r\n                    <a target=\"\"\r\n                href=\"https:\/\/ricardobarojaeskola.educacion.navarra.es\/web\/es\/blog\/2016\/11\/24\/ferias-de-lesaka\/\">FERIAS DE LESAKA<\/a>\r\n            <\/div>\r\n    <div\r\n        class=\"element element_5  excerpt_read_more \">\r\n        El pasado 24 de noviembre, el alumnado del tercer ciclo fuimos a la Feria de Lesaka. Aunque la v\u00edspera hizo        <a target=\"_blank\"\r\n            href=\"https:\/\/ricardobarojaeskola.educacion.navarra.es\/web\/es\/blog\/2016\/11\/24\/ferias-de-lesaka\/\"><\/a>\r\n    <\/div>\r\n    <\/div>\r\n    <\/div>\n  <\/div>    <\/div>\n    <div class=\"pagination\">\n      <div class=\"paginate\">\n    <span class=\"page-numbers current\">1<\/span>\n<a class=\"page-numbers\" href=\"https:\/\/ricardobarojaeskola.educacion.navarra.es\/web\/es\/wp-json\/wp\/v2\/posts\/7275\/page\/2\/\">2<\/a>\n<a class=\"page-numbers\" href=\"https:\/\/ricardobarojaeskola.educacion.navarra.es\/web\/es\/wp-json\/wp\/v2\/posts\/7275\/page\/3\/\">3<\/a>\n<span class=\"page-numbers dots\">&hellip;<\/span>\n<a class=\"page-numbers\" href=\"https:\/\/ricardobarojaeskola.educacion.navarra.es\/web\/es\/wp-json\/wp\/v2\/posts\/7275\/page\/61\/\">61<\/a>\n<a class=\"next page-numbers\" href=\"https:\/\/ricardobarojaeskola.educacion.navarra.es\/web\/es\/wp-json\/wp\/v2\/posts\/7275\/page\/2\/\">Next \u00bb<\/a>  <\/div>\n  <style type=\"text\/css\">\n    #post-grid-7268 .pagination .page-numbers {\n      font-size: 17px;\n      color: #646464;\n      background: #646464;\n    }\n\n    #post-grid-7268 .pagination .page-numbers:hover,\n    #post-grid-7268 .pagination .page-numbers.current {\n      background: #4b4b4b;\n    }\n  <\/style>\n  <\/div>\n        <style type=\"text\/css\">\r\n            .layout-9579 .element_0 {\r\n                            }\r\n\r\n                    <\/style>\r\n        <style type=\"text\/css\">\r\n        .layout-9579 .element_1 {\r\n            overflow: hidden;\r\n                    }\r\n\r\n        .layout-9579 .element_1 img {\r\n            max-width: 100%;\r\n            height: auto;\r\n        }\r\n\r\n        @media only screen and (min-width: 1024px) {\r\n            .layout-9579 .element_1 {\r\n                height: auto;\r\n                            }\r\n        }\r\n\r\n        @media only screen and (min-width: 768px) and (max-width: 1023px) {\r\n            .layout-9579 .element_1 {\r\n                height: auto;\r\n                            }\r\n        }\r\n\r\n        @media only screen and (min-width: 0px) and (max-width: 767px) {\r\n            .layout-9579 .element_1 {\r\n                height: auto;\r\n                            }\r\n        }\r\n    <\/style>\r\n        <style type=\"text\/css\">\r\n            .layout-9579 .element_3 {\r\n                            }\r\n\r\n                    <\/style>\r\n        <style type=\"text\/css\">\r\n        .layout-9579 .element_4 {\r\n            display: block;font-size: 21px;line-height: normal;padding: 5px 10px;text-align: left;        }\r\n\r\n        .layout-9579 .element_4 a {\r\n            display: block;font-size: 21px;line-height: normal;padding: 5px 10px;text-align: left;        }\r\n    <\/style>\r\n    <style type=\"text\/css\">\r\n        .layout-9579 .element_5 {\r\n            font-size:12px;display:block;padding:10px;        }\r\n\r\n        .layout-9579 .element_5 a {\r\n                    }\r\n    <\/style>\r\n      <style type=\"text\/css\">\n      \/*Write your CSS code here*\/    <\/style>\n        <style type=\"text\/css\">\n      .layout-9579 a{text-decoration:none}\r\n.layout-9579 {\r\n  vertical-align: top;\r\n}\r\n.layout-9579 .layer-media{}\r\n.layout-9579 .layer-content {\r\n}    <\/style>\n    <script>\n          \/*Write your js code here*\/          <\/script>\n    <style type=\"text\/css\">\n    #post-grid-7268 {\n      padding: 10px;\n      background-color: #fff;\n          }\n\n    #post-grid-7268 .item {\n      background: #fff;\n          }\n\n    #post-grid-7268 .item .layer-media {\n      height:auto;    }\n\n    @media only screen and (min-width: 0px) and (max-width: 767px) {\n      #post-grid-7268 .grid-items {\n        text-align: center;\n              }\n\n      #post-grid-7268 .item {\n        width: 90%;\n        margin: 10px;\n        display: inline-block;\n        vertical-align: top;\n        height:auto;      }\n    }\n\n    @media only screen and (min-width: 768px) and (max-width: 1023px) {\n      #post-grid-7268 .grid-items {\n        text-align: center;\n              }\n\n      #post-grid-7268 .item {\n        width: 280px;\n        margin: 10px;\n        display: inline-block;\n        vertical-align: top;\n        max-height:auto;      }\n    }\n\n    @media only screen and (min-width: 1024px) {\n      #post-grid-7268 .grid-items {\n        text-align: center;\n              }\n\n      #post-grid-7268 .item {\n        width: 280px;\n        display: inline-block;\n        margin: 10px;\n        vertical-align: top;\n        height:auto;      }\n    }\n\n      <\/style>\n  <\/div>\n\n","protected":false},"excerpt":{"rendered":"<p>Bienvenidos\/as al blog abierto por la escuela Ricardo Baroja en torno a la Psicolog\u00eda Positiva. Aqu\u00ed encontrar\u00e9is art\u00edculos y noticias sobre esta psicolog\u00eda y, por otra parte, podr\u00e9is ver unos cuantos v\u00eddeos que reflejan muy bien todo lo que quiere transmitir la Psicolog\u00eda Positiva.<\/p>\n","protected":false},"author":1,"featured_media":7271,"comment_status":"closed","ping_status":"closed","sticky":false,"template":"","format":"standard","meta":[],"categories":[29],"tags":[],"_links":{"self":[{"href":"https:\/\/ricardobarojaeskola.educacion.navarra.es\/web\/es\/wp-json\/wp\/v2\/posts\/7275"}],"collection":[{"href":"https:\/\/ricardobarojaeskola.educacion.navarra.es\/web\/es\/wp-json\/wp\/v2\/posts"}],"about":[{"href":"https:\/\/ricardobarojaeskola.educacion.navarra.es\/web\/es\/wp-json\/wp\/v2\/types\/post"}],"author":[{"embeddable":true,"href":"https:\/\/ricardobarojaeskola.educacion.navarra.es\/web\/es\/wp-json\/wp\/v2\/users\/1"}],"replies":[{"embeddable":true,"href":"https:\/\/ricardobarojaeskola.educacion.navarra.es\/web\/es\/wp-json\/wp\/v2\/comments?post=7275"}],"version-history":[{"count":4,"href":"https:\/\/ricardobarojaeskola.educacion.navarra.es\/web\/es\/wp-json\/wp\/v2\/posts\/7275\/revisions"}],"predecessor-version":[{"id":7723,"href":"https:\/\/ricardobarojaeskola.educacion.navarra.es\/web\/es\/wp-json\/wp\/v2\/posts\/7275\/revisions\/7723"}],"wp:featuredmedia":[{"embeddable":true,"href":"https:\/\/ricardobarojaeskola.educacion.navarra.es\/web\/es\/wp-json\/wp\/v2\/media\/7271"}],"wp:attachment":[{"href":"https:\/\/ricardobarojaeskola.educacion.navarra.es\/web\/es\/wp-json\/wp\/v2\/media?parent=7275"}],"wp:term":[{"taxonomy":"category","embeddable":true,"href":"https:\/\/ricardobarojaeskola.educacion.navarra.es\/web\/es\/wp-json\/wp\/v2\/categories?post=7275"},{"taxonomy":"post_tag","embeddable":true,"href":"https:\/\/ricardobarojaeskola.educacion.navarra.es\/web\/es\/wp-json\/wp\/v2\/tags?post=7275"}],"curies":[{"name":"wp","href":"https:\/\/api.w.org\/{rel}","templated":true}]}}