{"id":2230,"date":"2018-03-27T09:00:37","date_gmt":"2018-03-27T09:00:37","guid":{"rendered":"http:\/\/wordpress.ricardobarojaeskola.eu\/?p=2230"},"modified":"2018-04-24T10:46:24","modified_gmt":"2018-04-24T08:46:24","slug":"instalaciones","status":"publish","type":"post","link":"https:\/\/ricardobarojaeskola.educacion.navarra.es\/web\/es\/blog\/2018\/03\/27\/instalaciones\/","title":{"rendered":"INSTALACIONES"},"content":{"rendered":"    <div data-options='{&quot;id&quot;:&quot;2593&quot;,&quot;lazy_load&quot;:&quot;no&quot;,&quot;masonry_enable&quot;:&quot;no&quot;,&quot;view_type&quot;:&quot;grid&quot;}' id=\"post-grid-2593\" class=\"post-grid grid\">\n    \n\n\n    <div class=\"grid-items\">\n      <div class=\"item item-2223 skin flat even 0 \">\n        <div class=\"layer-wrapper layout-9577\">\n          <div class=\"layer-media \"\r\n        id=\"\">\r\n        <div\r\n        class=\"element element_1  element-media \">\r\n        <img width=\"267\" height=\"189\" src=\"https:\/\/ricardobarojaeskola.educacion.navarra.es\/web\/wp-content\/uploads\/2018\/03\/laguntzagela.jpeg\" class=\"attachment-large size-large wp-post-image\" alt=\"\" loading=\"lazy\" \/>    <\/div>\r\n    <\/div>\r\n    <div class=\"layer-content element_3\"\r\n        id=\"\">\r\n        <div class=\"element element_4  title \">\r\n                    <a target=\"\"\r\n                href=\"https:\/\/ricardobarojaeskola.educacion.navarra.es\/web\/es\/blog\/2018\/03\/27\/aula-de-apoyo\/\">AULA DE APOYO<\/a>\r\n            <\/div>\r\n    <div\r\n        class=\"element element_5  excerpt_read_more \">\r\n        \u00bfCu\u00e1l es su funci\u00f3n? Atender al alumnado con necesidades educativas especiales dise\u00f1ando, desarrollando y evaluando programas educativos. Preparar, junto a        <a target=\"_blank\"\r\n            href=\"https:\/\/ricardobarojaeskola.educacion.navarra.es\/web\/es\/blog\/2018\/03\/27\/aula-de-apoyo\/\"><\/a>\r\n    <\/div>\r\n    <\/div>\r\n    <\/div>\n  <\/div><div class=\"item item-2218 skin flat odd 1 \">\n        <div class=\"layer-wrapper layout-9577\">\n          <div class=\"layer-media \"\r\n        id=\"\">\r\n        <div\r\n        class=\"element element_1  element-media \">\r\n        <img width=\"640\" height=\"139\" src=\"https:\/\/ricardobarojaeskola.educacion.navarra.es\/web\/wp-content\/uploads\/2018\/03\/bibliotecas-logo.jpg\" class=\"attachment-large size-large wp-post-image\" alt=\"\" loading=\"lazy\" \/>    <\/div>\r\n    <\/div>\r\n    <div class=\"layer-content element_3\"\r\n        id=\"\">\r\n        <div class=\"element element_4  title \">\r\n                    <a target=\"\"\r\n                href=\"https:\/\/ricardobarojaeskola.educacion.navarra.es\/web\/es\/blog\/2018\/03\/27\/biblioteca\/\">BIBLIOTECA<\/a>\r\n            <\/div>\r\n    <div\r\n        class=\"element element_5  excerpt_read_more \">\r\n        La biblioteca se encuentra situada en la 2\u00ba planta del edificio. Cuenta con ascensor para facilitar el acceso. La biblioteca        <a target=\"_blank\"\r\n            href=\"https:\/\/ricardobarojaeskola.educacion.navarra.es\/web\/es\/blog\/2018\/03\/27\/biblioteca\/\"><\/a>\r\n    <\/div>\r\n    <\/div>\r\n    <\/div>\n  <\/div><div class=\"item item-2213 skin flat even 2 \">\n        <div class=\"layer-wrapper layout-9577\">\n          <div class=\"layer-media \"\r\n        id=\"\">\r\n        <div\r\n        class=\"element element_1  element-media \">\r\n        <img width=\"160\" height=\"160\" src=\"https:\/\/ricardobarojaeskola.educacion.navarra.es\/web\/wp-content\/uploads\/2018\/03\/images-psikomotrizitategela.jpg\" class=\"attachment-large size-large wp-post-image\" alt=\"\" loading=\"lazy\" \/>    <\/div>\r\n    <\/div>\r\n    <div class=\"layer-content element_3\"\r\n        id=\"\">\r\n        <div class=\"element element_4  title \">\r\n                    <a target=\"\"\r\n                href=\"https:\/\/ricardobarojaeskola.educacion.navarra.es\/web\/es\/blog\/2018\/03\/27\/aula-psicomotricidad\/\">AULA PSICOMOTRICIDAD<\/a>\r\n            <\/div>\r\n    <div\r\n        class=\"element element_5  excerpt_read_more \">\r\n        La sala de Psicomotricidad la utiliza, principalmente, el alumnado de Educaci\u00f3n Infantil y el de 1\u00ba ciclo de Educaci\u00f3n Primaria.        <a target=\"_blank\"\r\n            href=\"https:\/\/ricardobarojaeskola.educacion.navarra.es\/web\/es\/blog\/2018\/03\/27\/aula-psicomotricidad\/\"><\/a>\r\n    <\/div>\r\n    <\/div>\r\n    <\/div>\n  <\/div><div class=\"item item-2208 skin flat odd 3 \">\n        <div class=\"layer-wrapper layout-9577\">\n          <div class=\"layer-media \"\r\n        id=\"\">\r\n        <div\r\n        class=\"element element_1  element-media \">\r\n        <img width=\"200\" height=\"200\" src=\"https:\/\/ricardobarojaeskola.educacion.navarra.es\/web\/wp-content\/uploads\/2018\/03\/fuentes-ordenadores.gif\" class=\"attachment-large size-large wp-post-image\" alt=\"\" loading=\"lazy\" \/>    <\/div>\r\n    <\/div>\r\n    <div class=\"layer-content element_3\"\r\n        id=\"\">\r\n        <div class=\"element element_4  title \">\r\n                    <a target=\"\"\r\n                href=\"https:\/\/ricardobarojaeskola.educacion.navarra.es\/web\/es\/blog\/2018\/03\/27\/sala-ordenadores\/\">SALA ORDENADORES<\/a>\r\n            <\/div>\r\n    <div\r\n        class=\"element element_5  excerpt_read_more \">\r\n        El Centro cuenta con una sala con 14 ordenadores para el alumnado y el profesorado.        <a target=\"_blank\"\r\n            href=\"https:\/\/ricardobarojaeskola.educacion.navarra.es\/web\/es\/blog\/2018\/03\/27\/sala-ordenadores\/\"><\/a>\r\n    <\/div>\r\n    <\/div>\r\n    <\/div>\n  <\/div>    <\/div>\n          <style type=\"text\/css\">\r\n            .layout-9577 .element_0 {\r\n                            }\r\n\r\n                    <\/style>\r\n        <style type=\"text\/css\">\r\n        .layout-9577 .element_1 {\r\n            overflow: hidden;\r\n                    }\r\n\r\n        .layout-9577 .element_1 img {\r\n            max-width: 100%;\r\n            height: auto;\r\n        }\r\n\r\n        @media only screen and (min-width: 1024px) {\r\n            .layout-9577 .element_1 {\r\n                height: auto;\r\n                            }\r\n        }\r\n\r\n        @media only screen and (min-width: 768px) and (max-width: 1023px) {\r\n            .layout-9577 .element_1 {\r\n                height: auto;\r\n                            }\r\n        }\r\n\r\n        @media only screen and (min-width: 0px) and (max-width: 767px) {\r\n            .layout-9577 .element_1 {\r\n                height: auto;\r\n                            }\r\n        }\r\n    <\/style>\r\n        <style type=\"text\/css\">\r\n            .layout-9577 .element_3 {\r\n                            }\r\n\r\n                    <\/style>\r\n        <style type=\"text\/css\">\r\n        .layout-9577 .element_4 {\r\n            display: block;font-size: 21px;line-height: normal;padding: 5px 10px;text-align: left;        }\r\n\r\n        .layout-9577 .element_4 a {\r\n            display: block;font-size: 21px;line-height: normal;padding: 5px 10px;text-align: left;        }\r\n    <\/style>\r\n    <style type=\"text\/css\">\r\n        .layout-9577 .element_5 {\r\n            font-size:12px;display:block;padding:10px;        }\r\n\r\n        .layout-9577 .element_5 a {\r\n                    }\r\n    <\/style>\r\n      <style type=\"text\/css\">\n      \/*Write your CSS code here*\/    <\/style>\n        <style type=\"text\/css\">\n      .layout-9577 a{text-decoration:none}\r\n.layout-9577 {\r\n  vertical-align: top;\r\n}\r\n.layout-9577 .layer-media{}\r\n.layout-9577 .layer-content {\r\n}    <\/style>\n    <script>\n          \/*Write your js code here*\/          <\/script>\n    <style type=\"text\/css\">\n    #post-grid-2593 {\n      padding: 10px;\n      background-color: #fff;\n          }\n\n    #post-grid-2593 .item {\n      background: #fff;\n          }\n\n    #post-grid-2593 .item .layer-media {\n      height:auto;    }\n\n    @media only screen and (min-width: 0px) and (max-width: 767px) {\n      #post-grid-2593 .grid-items {\n        text-align: center;\n              }\n\n      #post-grid-2593 .item {\n        width: 90%;\n        margin: 10px;\n        display: inline-block;\n        vertical-align: top;\n        height:auto;      }\n    }\n\n    @media only screen and (min-width: 768px) and (max-width: 1023px) {\n      #post-grid-2593 .grid-items {\n        text-align: center;\n              }\n\n      #post-grid-2593 .item {\n        width: 280px;\n        margin: 10px;\n        display: inline-block;\n        vertical-align: top;\n        max-height:auto;      }\n    }\n\n    @media only screen and (min-width: 1024px) {\n      #post-grid-2593 .grid-items {\n        text-align: center;\n              }\n\n      #post-grid-2593 .item {\n        width: 280px;\n        display: inline-block;\n        margin: 10px;\n        vertical-align: top;\n        height:auto;      }\n    }\n\n      <\/style>\n  <\/div>\n\n","protected":false},"excerpt":{"rendered":"","protected":false},"author":3,"featured_media":0,"comment_status":"closed","ping_status":"closed","sticky":false,"template":"","format":"standard","meta":[],"categories":[19],"tags":[],"_links":{"self":[{"href":"https:\/\/ricardobarojaeskola.educacion.navarra.es\/web\/es\/wp-json\/wp\/v2\/posts\/2230"}],"collection":[{"href":"https:\/\/ricardobarojaeskola.educacion.navarra.es\/web\/es\/wp-json\/wp\/v2\/posts"}],"about":[{"href":"https:\/\/ricardobarojaeskola.educacion.navarra.es\/web\/es\/wp-json\/wp\/v2\/types\/post"}],"author":[{"embeddable":true,"href":"https:\/\/ricardobarojaeskola.educacion.navarra.es\/web\/es\/wp-json\/wp\/v2\/users\/3"}],"replies":[{"embeddable":true,"href":"https:\/\/ricardobarojaeskola.educacion.navarra.es\/web\/es\/wp-json\/wp\/v2\/comments?post=2230"}],"version-history":[{"count":1,"href":"https:\/\/ricardobarojaeskola.educacion.navarra.es\/web\/es\/wp-json\/wp\/v2\/posts\/2230\/revisions"}],"predecessor-version":[{"id":2595,"href":"https:\/\/ricardobarojaeskola.educacion.navarra.es\/web\/es\/wp-json\/wp\/v2\/posts\/2230\/revisions\/2595"}],"wp:attachment":[{"href":"https:\/\/ricardobarojaeskola.educacion.navarra.es\/web\/es\/wp-json\/wp\/v2\/media?parent=2230"}],"wp:term":[{"taxonomy":"category","embeddable":true,"href":"https:\/\/ricardobarojaeskola.educacion.navarra.es\/web\/es\/wp-json\/wp\/v2\/categories?post=2230"},{"taxonomy":"post_tag","embeddable":true,"href":"https:\/\/ricardobarojaeskola.educacion.navarra.es\/web\/es\/wp-json\/wp\/v2\/tags?post=2230"}],"curies":[{"name":"wp","href":"https:\/\/api.w.org\/{rel}","templated":true}]}}