{"id":2017,"date":"2018-03-25T18:56:44","date_gmt":"2018-03-25T18:56:44","guid":{"rendered":"http:\/\/wordpress.ricardobarojaeskola.eu\/?p=2017"},"modified":"2022-08-30T12:44:20","modified_gmt":"2022-08-30T10:44:20","slug":"horarios","status":"publish","type":"post","link":"https:\/\/ricardobarojaeskola.educacion.navarra.es\/web\/es\/blog\/2018\/03\/25\/horarios\/","title":{"rendered":"HORARIOS"},"content":{"rendered":"<h2><img loading=\"lazy\" class=\"wp-image-2015 aligncenter\" src=\"http:\/\/wordpress.ricardobarojaeskola.eu\/wp-content\/uploads\/2018\/03\/horarios-warner-300x125.jpg\" alt=\"\" width=\"609\" height=\"254\"><\/h2>\n<h2>Septiembre y junio<\/h2>\n<p>De 9:00 a 13:00.<\/p>\n<h2>De octubre a mayo<\/h2>\n<h2><span style=\"color: #008080;\"><strong><span style=\"color: #009999;\">Lunes, Martes, Jueves y Viernes<\/span><br \/>\n<\/strong><\/span><\/h2>\n<ul>\n<li><strong>Por la ma\u00f1ana : <\/strong>De 9:00 a 12:50<\/li>\n<li><strong>Por las tardes<\/strong> : 14:20 a 16:00<\/li>\n<\/ul>\n<h2><strong><span style=\"color: #009999;\">Mi\u00e9rcoles<\/span><br \/>\n<\/strong><\/h2>\n<ul>\n<li>De 9:00 a 13:00<\/li>\n<\/ul>\n<div>\n<h2><span style=\"color: #008080;\">&nbsp;<strong>Otros<\/strong><\/span><\/h2>\n<ul>\n<li><strong>Horario de atenci\u00f3n equipo directivo<\/strong>: Martes de 11:30 a 13:00. Para aclarar cualquier duda o pregunta.<\/li>\n<li><strong>Horario de atenci\u00f3n a familias<\/strong> : Se acordar\u00e1 con el tutor o la tutora.<\/li>\n<li><strong>Asociaci\u00f3n de padres-madres (APYMA)<\/strong> : Sus miembros se re\u00fanen cada dos semanas.<\/li>\n<\/ul>\n<\/div>\n","protected":false},"excerpt":{"rendered":"<p>Septiembre y junio De 9:00 a 13:00. De octubre a mayo Lunes, Martes, Jueves y Viernes Por la ma\u00f1ana : De 9:00 a 12:50 Por las tardes : 14:20 a 16:00 Mi\u00e9rcoles De 9:00 a 13:00 &nbsp;Otros Horario de atenci\u00f3n equipo directivo: Martes de 11:30 a 13:00. Para aclarar cualquier duda o pregunta. Horario de atenci\u00f3n a familias : Se acordar\u00e1 con el tutor o la tutora. Asociaci\u00f3n de padres-madres (APYMA) : Sus miembros se re\u00fanen cada dos semanas.<\/p>\n","protected":false},"author":3,"featured_media":0,"comment_status":"closed","ping_status":"closed","sticky":false,"template":"","format":"standard","meta":[],"categories":[27],"tags":[],"_links":{"self":[{"href":"https:\/\/ricardobarojaeskola.educacion.navarra.es\/web\/es\/wp-json\/wp\/v2\/posts\/2017"}],"collection":[{"href":"https:\/\/ricardobarojaeskola.educacion.navarra.es\/web\/es\/wp-json\/wp\/v2\/posts"}],"about":[{"href":"https:\/\/ricardobarojaeskola.educacion.navarra.es\/web\/es\/wp-json\/wp\/v2\/types\/post"}],"author":[{"embeddable":true,"href":"https:\/\/ricardobarojaeskola.educacion.navarra.es\/web\/es\/wp-json\/wp\/v2\/users\/3"}],"replies":[{"embeddable":true,"href":"https:\/\/ricardobarojaeskola.educacion.navarra.es\/web\/es\/wp-json\/wp\/v2\/comments?post=2017"}],"version-history":[{"count":18,"href":"https:\/\/ricardobarojaeskola.educacion.navarra.es\/web\/es\/wp-json\/wp\/v2\/posts\/2017\/revisions"}],"predecessor-version":[{"id":11513,"href":"https:\/\/ricardobarojaeskola.educacion.navarra.es\/web\/es\/wp-json\/wp\/v2\/posts\/2017\/revisions\/11513"}],"wp:attachment":[{"href":"https:\/\/ricardobarojaeskola.educacion.navarra.es\/web\/es\/wp-json\/wp\/v2\/media?parent=2017"}],"wp:term":[{"taxonomy":"category","embeddable":true,"href":"https:\/\/ricardobarojaeskola.educacion.navarra.es\/web\/es\/wp-json\/wp\/v2\/categories?post=2017"},{"taxonomy":"post_tag","embeddable":true,"href":"https:\/\/ricardobarojaeskola.educacion.navarra.es\/web\/es\/wp-json\/wp\/v2\/tags?post=2017"}],"curies":[{"name":"wp","href":"https:\/\/api.w.org\/{rel}","templated":true}]}}