{"id":14558,"date":"2026-03-03T10:22:28","date_gmt":"2026-03-03T09:22:28","guid":{"rendered":"https:\/\/ricardobarojaeskola.educacion.navarra.es\/web\/blog\/2026\/03\/03\/educacion-vial-4\/"},"modified":"2026-03-03T10:22:29","modified_gmt":"2026-03-03T09:22:29","slug":"educacion-vial-4","status":"publish","type":"post","link":"https:\/\/ricardobarojaeskola.educacion.navarra.es\/web\/es\/blog\/2026\/03\/03\/educacion-vial-4\/","title":{"rendered":"EDUCACI\u00d3N VIAL"},"content":{"rendered":"\n<p>El pasado viernes, 29 de enero, alumnos de 2\u00ba curso participaron en la actividad de educaci\u00f3n vial organizada por la Polic\u00eda Foral.<\/p>\n\n<p>Primero, en una peque\u00f1a charla en clase, repasaron las normas de seguridad de peatones, pasajeros y cicloturistas.<\/p>\n\n<p>Posteriormente se dirigieron con sus bicicletas al front\u00f3n para recorrer el circuito que la Polic\u00eda Foral hab\u00eda montado.<br\/><\/p>\n\n<p>\u00a1Se lo pasaron en grande!<\/p>\n\n<div class=\"wp-container-1 wp-block-buttons\">\n<div class=\"wp-block-button\"><a class=\"wp-block-button__link\" href=\"https:\/\/ricardobarojaeskola.educacion.navarra.es\/web\/blog\/2026\/03\/03\/2025-26-bide-heziketa\/\">VER<\/a><\/div>\n<\/div>\n\n<p><\/p>\n","protected":false},"excerpt":{"rendered":"<p>El pasado viernes, 29 de enero, alumnos de 2\u00ba curso participaron en la actividad de educaci\u00f3n vial organizada por la Polic\u00eda Foral. Primero, en una peque\u00f1a charla en clase, repasaron las normas de seguridad de peatones, pasajeros y cicloturistas. Posteriormente se dirigieron con sus bicicletas al front\u00f3n para recorrer el circuito que la Polic\u00eda Foral hab\u00eda montado. \u00a1Se lo pasaron en grande!<\/p>\n","protected":false},"author":1,"featured_media":14555,"comment_status":"closed","ping_status":"closed","sticky":false,"template":"","format":"standard","meta":[],"categories":[85,16,18,20],"tags":[],"_links":{"self":[{"href":"https:\/\/ricardobarojaeskola.educacion.navarra.es\/web\/es\/wp-json\/wp\/v2\/posts\/14558"}],"collection":[{"href":"https:\/\/ricardobarojaeskola.educacion.navarra.es\/web\/es\/wp-json\/wp\/v2\/posts"}],"about":[{"href":"https:\/\/ricardobarojaeskola.educacion.navarra.es\/web\/es\/wp-json\/wp\/v2\/types\/post"}],"author":[{"embeddable":true,"href":"https:\/\/ricardobarojaeskola.educacion.navarra.es\/web\/es\/wp-json\/wp\/v2\/users\/1"}],"replies":[{"embeddable":true,"href":"https:\/\/ricardobarojaeskola.educacion.navarra.es\/web\/es\/wp-json\/wp\/v2\/comments?post=14558"}],"version-history":[{"count":1,"href":"https:\/\/ricardobarojaeskola.educacion.navarra.es\/web\/es\/wp-json\/wp\/v2\/posts\/14558\/revisions"}],"predecessor-version":[{"id":14559,"href":"https:\/\/ricardobarojaeskola.educacion.navarra.es\/web\/es\/wp-json\/wp\/v2\/posts\/14558\/revisions\/14559"}],"wp:featuredmedia":[{"embeddable":true,"href":"https:\/\/ricardobarojaeskola.educacion.navarra.es\/web\/es\/wp-json\/wp\/v2\/media\/14555"}],"wp:attachment":[{"href":"https:\/\/ricardobarojaeskola.educacion.navarra.es\/web\/es\/wp-json\/wp\/v2\/media?parent=14558"}],"wp:term":[{"taxonomy":"category","embeddable":true,"href":"https:\/\/ricardobarojaeskola.educacion.navarra.es\/web\/es\/wp-json\/wp\/v2\/categories?post=14558"},{"taxonomy":"post_tag","embeddable":true,"href":"https:\/\/ricardobarojaeskola.educacion.navarra.es\/web\/es\/wp-json\/wp\/v2\/tags?post=14558"}],"curies":[{"name":"wp","href":"https:\/\/api.w.org\/{rel}","templated":true}]}}