{"id":14356,"date":"2025-12-04T12:18:12","date_gmt":"2025-12-04T11:18:12","guid":{"rendered":"https:\/\/ricardobarojaeskola.educacion.navarra.es\/web\/blog\/2025\/12\/04\/euskararen-eguna-7\/"},"modified":"2025-12-04T12:18:12","modified_gmt":"2025-12-04T11:18:12","slug":"euskararen-eguna-7","status":"publish","type":"post","link":"https:\/\/ricardobarojaeskola.educacion.navarra.es\/web\/es\/blog\/2025\/12\/04\/euskararen-eguna-7\/","title":{"rendered":"EUSKARAREN EGUNA"},"content":{"rendered":"\n<p>Un a\u00f1o m\u00e1s se ha celebrado el d\u00eda del euskera en todo el mundo y en el colegio tambi\u00e9n hemos participado en esa celebraci\u00f3n.<\/p>\n\n<p>Porque nuestra lengua nos une, el euskera nos une, jugando, en la escuela, en la familia y entre colegas; y para celebrar su d\u00eda, hemos podido disfrutar de un hermoso \u201chamaiketako\u201d, canciones, cuentos y unos bonitos v\u00eddeos.<\/p>\n\n<p>Eitxo, el guardi\u00e1n del euskera de nuestra escuela, tambi\u00e9n ha venido encantado para unirse a la fiesta.<\/p>\n\n<p> Ha sido un d\u00eda muy divertido.<\/p>\n\n<div class=\"wp-container-1 wp-block-buttons\">\n<div class=\"wp-block-button\"><a class=\"wp-block-button__link\" href=\"https:\/\/ricardobarojaeskola.educacion.navarra.es\/web\/blog\/2025\/12\/04\/2025-26-euskararen-eguna\/\">VER<\/a><\/div>\n<\/div>\n","protected":false},"excerpt":{"rendered":"<p>Un a\u00f1o m\u00e1s se ha celebrado el d\u00eda del euskera en todo el mundo y en el colegio tambi\u00e9n hemos participado en esa celebraci\u00f3n. Porque nuestra lengua nos une, el euskera nos une, jugando, en la escuela, en la familia y entre colegas; y para celebrar su d\u00eda, hemos podido disfrutar de un hermoso \u201chamaiketako\u201d, canciones, cuentos y unos bonitos v\u00eddeos. Eitxo, el guardi\u00e1n del euskera de nuestra escuela, tambi\u00e9n ha venido encantado para unirse a la fiesta. Ha sido&#8230;<\/p>\n<p class=\"read-more\"><a class=\"btn btn-default\" href=\"https:\/\/ricardobarojaeskola.educacion.navarra.es\/web\/es\/blog\/2025\/12\/04\/euskararen-eguna-7\/\"> Leer m\u00e1s<span class=\"screen-reader-text\">  Leer m\u00e1s<\/span><\/a><\/p>\n","protected":false},"author":1,"featured_media":14351,"comment_status":"closed","ping_status":"closed","sticky":false,"template":"","format":"standard","meta":[],"categories":[85,16,18],"tags":[],"_links":{"self":[{"href":"https:\/\/ricardobarojaeskola.educacion.navarra.es\/web\/es\/wp-json\/wp\/v2\/posts\/14356"}],"collection":[{"href":"https:\/\/ricardobarojaeskola.educacion.navarra.es\/web\/es\/wp-json\/wp\/v2\/posts"}],"about":[{"href":"https:\/\/ricardobarojaeskola.educacion.navarra.es\/web\/es\/wp-json\/wp\/v2\/types\/post"}],"author":[{"embeddable":true,"href":"https:\/\/ricardobarojaeskola.educacion.navarra.es\/web\/es\/wp-json\/wp\/v2\/users\/1"}],"replies":[{"embeddable":true,"href":"https:\/\/ricardobarojaeskola.educacion.navarra.es\/web\/es\/wp-json\/wp\/v2\/comments?post=14356"}],"version-history":[{"count":1,"href":"https:\/\/ricardobarojaeskola.educacion.navarra.es\/web\/es\/wp-json\/wp\/v2\/posts\/14356\/revisions"}],"predecessor-version":[{"id":14357,"href":"https:\/\/ricardobarojaeskola.educacion.navarra.es\/web\/es\/wp-json\/wp\/v2\/posts\/14356\/revisions\/14357"}],"wp:featuredmedia":[{"embeddable":true,"href":"https:\/\/ricardobarojaeskola.educacion.navarra.es\/web\/es\/wp-json\/wp\/v2\/media\/14351"}],"wp:attachment":[{"href":"https:\/\/ricardobarojaeskola.educacion.navarra.es\/web\/es\/wp-json\/wp\/v2\/media?parent=14356"}],"wp:term":[{"taxonomy":"category","embeddable":true,"href":"https:\/\/ricardobarojaeskola.educacion.navarra.es\/web\/es\/wp-json\/wp\/v2\/categories?post=14356"},{"taxonomy":"post_tag","embeddable":true,"href":"https:\/\/ricardobarojaeskola.educacion.navarra.es\/web\/es\/wp-json\/wp\/v2\/tags?post=14356"}],"curies":[{"name":"wp","href":"https:\/\/api.w.org\/{rel}","templated":true}]}}