{"id":14120,"date":"2025-10-13T14:43:14","date_gmt":"2025-10-13T12:43:14","guid":{"rendered":"https:\/\/ricardobarojaeskola.educacion.navarra.es\/web\/blog\/2025\/10\/13\/un-tren-de-bicicletas\/"},"modified":"2025-10-13T14:44:07","modified_gmt":"2025-10-13T12:44:07","slug":"un-tren-de-bicicletas","status":"publish","type":"post","link":"https:\/\/ricardobarojaeskola.educacion.navarra.es\/web\/es\/blog\/2025\/10\/13\/un-tren-de-bicicletas\/","title":{"rendered":"UN TR\u00c9N DE BICICLETAS"},"content":{"rendered":"\n<p>El 10 de octubre, el alumnado y el profesorado de 5\u00ba y 6\u00ba, fuimos al parque Beltzenia de Hendaia en bicicleta, por el camino del antiguo ferrocarril del Bidasoa. Despu\u00e9s de estar un rato jugando all\u00ed, comimos y volvimos a Bera. Agradecimiento a Iosu Ostiz por su colaboraci\u00f3n. El tiempo nos acompa\u00f1\u00f3 y lo pasamos en grande.<\/p>\n\n<div class=\"wp-container-1 wp-block-buttons\">\n<div class=\"wp-block-button\"><a class=\"wp-block-button__link\" href=\"https:\/\/ricardobarojaeskola.educacion.navarra.es\/web\/blog\/2025\/10\/13\/2025-26-hendaia\/\">VER<\/a><\/div>\n<\/div>\n\n<p><\/p>\n","protected":false},"excerpt":{"rendered":"<p>El 10 de octubre, el alumnado y el profesorado de 5\u00ba y 6\u00ba, fuimos al parque Beltzenia de Hendaia en bicicleta, por el camino del antiguo ferrocarril del Bidasoa. Despu\u00e9s de estar un rato jugando all\u00ed, comimos y volvimos a Bera. Agradecimiento a Iosu Ostiz por su colaboraci\u00f3n. El tiempo nos acompa\u00f1\u00f3 y lo pasamos en grande.<\/p>\n","protected":false},"author":1,"featured_media":14123,"comment_status":"closed","ping_status":"closed","sticky":false,"template":"","format":"standard","meta":[],"categories":[85,16,18,22],"tags":[],"_links":{"self":[{"href":"https:\/\/ricardobarojaeskola.educacion.navarra.es\/web\/es\/wp-json\/wp\/v2\/posts\/14120"}],"collection":[{"href":"https:\/\/ricardobarojaeskola.educacion.navarra.es\/web\/es\/wp-json\/wp\/v2\/posts"}],"about":[{"href":"https:\/\/ricardobarojaeskola.educacion.navarra.es\/web\/es\/wp-json\/wp\/v2\/types\/post"}],"author":[{"embeddable":true,"href":"https:\/\/ricardobarojaeskola.educacion.navarra.es\/web\/es\/wp-json\/wp\/v2\/users\/1"}],"replies":[{"embeddable":true,"href":"https:\/\/ricardobarojaeskola.educacion.navarra.es\/web\/es\/wp-json\/wp\/v2\/comments?post=14120"}],"version-history":[{"count":1,"href":"https:\/\/ricardobarojaeskola.educacion.navarra.es\/web\/es\/wp-json\/wp\/v2\/posts\/14120\/revisions"}],"predecessor-version":[{"id":14121,"href":"https:\/\/ricardobarojaeskola.educacion.navarra.es\/web\/es\/wp-json\/wp\/v2\/posts\/14120\/revisions\/14121"}],"wp:featuredmedia":[{"embeddable":true,"href":"https:\/\/ricardobarojaeskola.educacion.navarra.es\/web\/es\/wp-json\/wp\/v2\/media\/14123"}],"wp:attachment":[{"href":"https:\/\/ricardobarojaeskola.educacion.navarra.es\/web\/es\/wp-json\/wp\/v2\/media?parent=14120"}],"wp:term":[{"taxonomy":"category","embeddable":true,"href":"https:\/\/ricardobarojaeskola.educacion.navarra.es\/web\/es\/wp-json\/wp\/v2\/categories?post=14120"},{"taxonomy":"post_tag","embeddable":true,"href":"https:\/\/ricardobarojaeskola.educacion.navarra.es\/web\/es\/wp-json\/wp\/v2\/tags?post=14120"}],"curies":[{"name":"wp","href":"https:\/\/api.w.org\/{rel}","templated":true}]}}