{"id":13494,"date":"2024-12-16T15:01:59","date_gmt":"2024-12-16T14:01:59","guid":{"rendered":"https:\/\/ricardobarojaeskola.educacion.navarra.es\/web\/blog\/2024\/12\/16\/euskararen-eguna-6\/"},"modified":"2024-12-16T15:02:38","modified_gmt":"2024-12-16T14:02:38","slug":"euskararen-eguna-6","status":"publish","type":"post","link":"https:\/\/ricardobarojaeskola.educacion.navarra.es\/web\/es\/blog\/2024\/12\/16\/euskararen-eguna-6\/","title":{"rendered":"EUSKARAREN EGUNA"},"content":{"rendered":"\n<p>El pasado 4 de diciembre celebramos el D\u00eda del Euskera. Comenzamos la celebraci\u00f3n en la Casa de Cultura y all\u00ed tuvimos la oportunidad de conocer el aspecto cambiado de EiTxo. Escuchamos varias canciones y v\u00eddeos y, como es habitual, el alumnado de sexto toc\u00f3 la canci\u00f3n \u00abEiTxo, euskaraz garbi mintzo\u00bb con la flauta. Tambi\u00e9n realizamos el sorteo de la cesta y la cena de 5\u00ba y 6\u00ba.<\/p>\n\n<p>De vuelta a la escuela pudimos almorzar todo lo que nos prepar\u00f3 el personal del comedor y despu\u00e9s, con la ayuda de Paula Artieda, creadora del nuevo EiTxo, el alumnado de 4\u00ba, 5\u00ba y 6\u00ba dibuj\u00f3 varios EiTxos sobre una cartulina. El alumnado de E.I. y E.P. estuvimos en el aula pintando a EiTxo sobre papel. Nos lo pasamos en grande.<\/p>\n\n<p class=\"has-large-font-size\"><a href=\"https:\/\/ricardobarojaeskola.educacion.navarra.es\/web\/es\/blog\/2024\/12\/16\/2024-25-euskararen-eguna\/\">VER IMAGENES<\/a><\/p>\n","protected":false},"excerpt":{"rendered":"<p>El pasado 4 de diciembre celebramos el D\u00eda del Euskera. Comenzamos la celebraci\u00f3n en la Casa de Cultura y all\u00ed tuvimos la oportunidad de conocer el aspecto cambiado de EiTxo. Escuchamos varias canciones y v\u00eddeos y, como es habitual, el alumnado de sexto toc\u00f3 la canci\u00f3n \u00abEiTxo, euskaraz garbi mintzo\u00bb con la flauta. Tambi\u00e9n realizamos el sorteo de la cesta y la cena de 5\u00ba y 6\u00ba. De vuelta a la escuela pudimos almorzar todo lo que nos prepar\u00f3 el&#8230;<\/p>\n<p class=\"read-more\"><a class=\"btn btn-default\" href=\"https:\/\/ricardobarojaeskola.educacion.navarra.es\/web\/es\/blog\/2024\/12\/16\/euskararen-eguna-6\/\"> Leer m\u00e1s<span class=\"screen-reader-text\">  Leer m\u00e1s<\/span><\/a><\/p>\n","protected":false},"author":1,"featured_media":13492,"comment_status":"closed","ping_status":"closed","sticky":false,"template":"","format":"standard","meta":[],"categories":[83,16,18,22,20,37],"tags":[],"_links":{"self":[{"href":"https:\/\/ricardobarojaeskola.educacion.navarra.es\/web\/es\/wp-json\/wp\/v2\/posts\/13494"}],"collection":[{"href":"https:\/\/ricardobarojaeskola.educacion.navarra.es\/web\/es\/wp-json\/wp\/v2\/posts"}],"about":[{"href":"https:\/\/ricardobarojaeskola.educacion.navarra.es\/web\/es\/wp-json\/wp\/v2\/types\/post"}],"author":[{"embeddable":true,"href":"https:\/\/ricardobarojaeskola.educacion.navarra.es\/web\/es\/wp-json\/wp\/v2\/users\/1"}],"replies":[{"embeddable":true,"href":"https:\/\/ricardobarojaeskola.educacion.navarra.es\/web\/es\/wp-json\/wp\/v2\/comments?post=13494"}],"version-history":[{"count":1,"href":"https:\/\/ricardobarojaeskola.educacion.navarra.es\/web\/es\/wp-json\/wp\/v2\/posts\/13494\/revisions"}],"predecessor-version":[{"id":13495,"href":"https:\/\/ricardobarojaeskola.educacion.navarra.es\/web\/es\/wp-json\/wp\/v2\/posts\/13494\/revisions\/13495"}],"wp:featuredmedia":[{"embeddable":true,"href":"https:\/\/ricardobarojaeskola.educacion.navarra.es\/web\/es\/wp-json\/wp\/v2\/media\/13492"}],"wp:attachment":[{"href":"https:\/\/ricardobarojaeskola.educacion.navarra.es\/web\/es\/wp-json\/wp\/v2\/media?parent=13494"}],"wp:term":[{"taxonomy":"category","embeddable":true,"href":"https:\/\/ricardobarojaeskola.educacion.navarra.es\/web\/es\/wp-json\/wp\/v2\/categories?post=13494"},{"taxonomy":"post_tag","embeddable":true,"href":"https:\/\/ricardobarojaeskola.educacion.navarra.es\/web\/es\/wp-json\/wp\/v2\/tags?post=13494"}],"curies":[{"name":"wp","href":"https:\/\/api.w.org\/{rel}","templated":true}]}}