{"id":1300,"date":"2018-03-08T09:56:09","date_gmt":"2018-03-08T09:56:09","guid":{"rendered":"http:\/\/wordpress.ricardobarojaeskola.eu\/?p=1300"},"modified":"2018-04-27T15:48:08","modified_gmt":"2018-04-27T13:48:08","slug":"dia-internacional-de-la-mujer","status":"publish","type":"post","link":"https:\/\/ricardobarojaeskola.educacion.navarra.es\/web\/es\/blog\/2018\/03\/08\/dia-internacional-de-la-mujer\/","title":{"rendered":"DIA INTERNACIONAL DE LA MUJER"},"content":{"rendered":"<p><em>\u00a0<\/em><\/p>\n<h3 style=\"text-align: center;\"><em>El 8 de marzo nuestra escuela tambi\u00e9n celebr\u00f3 el D\u00eda Internacional de la Mujer.<\/em><\/h3>\n","protected":false},"excerpt":{"rendered":"<p>\u00a0 El 8 de marzo nuestra escuela tambi\u00e9n celebr\u00f3 el D\u00eda Internacional de la Mujer.<\/p>\n","protected":false},"author":3,"featured_media":2580,"comment_status":"closed","ping_status":"closed","sticky":false,"template":"","format":"standard","meta":[],"categories":[16],"tags":[],"_links":{"self":[{"href":"https:\/\/ricardobarojaeskola.educacion.navarra.es\/web\/es\/wp-json\/wp\/v2\/posts\/1300"}],"collection":[{"href":"https:\/\/ricardobarojaeskola.educacion.navarra.es\/web\/es\/wp-json\/wp\/v2\/posts"}],"about":[{"href":"https:\/\/ricardobarojaeskola.educacion.navarra.es\/web\/es\/wp-json\/wp\/v2\/types\/post"}],"author":[{"embeddable":true,"href":"https:\/\/ricardobarojaeskola.educacion.navarra.es\/web\/es\/wp-json\/wp\/v2\/users\/3"}],"replies":[{"embeddable":true,"href":"https:\/\/ricardobarojaeskola.educacion.navarra.es\/web\/es\/wp-json\/wp\/v2\/comments?post=1300"}],"version-history":[{"count":3,"href":"https:\/\/ricardobarojaeskola.educacion.navarra.es\/web\/es\/wp-json\/wp\/v2\/posts\/1300\/revisions"}],"predecessor-version":[{"id":5999,"href":"https:\/\/ricardobarojaeskola.educacion.navarra.es\/web\/es\/wp-json\/wp\/v2\/posts\/1300\/revisions\/5999"}],"wp:featuredmedia":[{"embeddable":true,"href":"https:\/\/ricardobarojaeskola.educacion.navarra.es\/web\/es\/wp-json\/wp\/v2\/media\/2580"}],"wp:attachment":[{"href":"https:\/\/ricardobarojaeskola.educacion.navarra.es\/web\/es\/wp-json\/wp\/v2\/media?parent=1300"}],"wp:term":[{"taxonomy":"category","embeddable":true,"href":"https:\/\/ricardobarojaeskola.educacion.navarra.es\/web\/es\/wp-json\/wp\/v2\/categories?post=1300"},{"taxonomy":"post_tag","embeddable":true,"href":"https:\/\/ricardobarojaeskola.educacion.navarra.es\/web\/es\/wp-json\/wp\/v2\/tags?post=1300"}],"curies":[{"name":"wp","href":"https:\/\/api.w.org\/{rel}","templated":true}]}}