{"id":11736,"date":"2023-01-16T20:50:55","date_gmt":"2023-01-16T19:50:55","guid":{"rendered":"https:\/\/ricardobarojaeskola.educacion.navarra.es\/web\/blog\/2023\/01\/16\/olentzero-y-mari-domingi-2\/"},"modified":"2023-01-16T20:56:41","modified_gmt":"2023-01-16T19:56:41","slug":"olentzero-y-mari-domingi-2","status":"publish","type":"post","link":"https:\/\/ricardobarojaeskola.educacion.navarra.es\/web\/es\/blog\/2023\/01\/16\/olentzero-y-mari-domingi-2\/","title":{"rendered":"OLENTZERO Y MARI DOMINGI"},"content":{"rendered":"\n<p>Para despedir el a\u00f1o 2022, recibimos la visita de Olentzero y Mari Domingi, que vinieron junto a su burro. Primero les dedicamos alguna canci\u00f3n, despu\u00e9s repartieron los regalos a cada clase y el alumnado que hab\u00eda escrito la carta personal pudo entregarla.&#13;\n&#13;\n<\/p>\n\n<p>El alumnado del tercer ciclo sorte\u00f3 la cesta e incluso llam\u00f3 a las personas premiadas. <\/p>\n\n<p>Para acabar el d\u00eda, comimos los buen\u00edsimos pinchos de chistorra que nos prepararon en el comedor. <\/p>\n\n<p>Nos lo pasamos muy bien.<\/p>\n\n<p class=\"has-large-font-size\"><a href=\"https:\/\/ricardobarojaeskola.educacion.navarra.es\/web\/es\/blog\/2023\/01\/16\/2022-23-olentzero-eta-mari-domindi\/\">VER FOTOS<\/a><\/p>\n","protected":false},"excerpt":{"rendered":"<p>Para despedir el a\u00f1o 2022, recibimos la visita de Olentzero y Mari Domingi, que vinieron junto a su burro. Primero les dedicamos alguna canci\u00f3n, despu\u00e9s repartieron los regalos a cada clase y el alumnado que hab\u00eda escrito la carta personal pudo entregarla.&#13; &#13; El alumnado del tercer ciclo sorte\u00f3 la cesta e incluso llam\u00f3 a las personas premiadas. Para acabar el d\u00eda, comimos los buen\u00edsimos pinchos de chistorra que nos prepararon en el comedor. Nos lo pasamos muy bien. VER&#8230;<\/p>\n<p class=\"read-more\"><a class=\"btn btn-default\" href=\"https:\/\/ricardobarojaeskola.educacion.navarra.es\/web\/es\/blog\/2023\/01\/16\/olentzero-y-mari-domingi-2\/\"> Leer m\u00e1s<span class=\"screen-reader-text\">  Leer m\u00e1s<\/span><\/a><\/p>\n","protected":false},"author":1,"featured_media":11734,"comment_status":"closed","ping_status":"closed","sticky":false,"template":"","format":"standard","meta":[],"categories":[78,16,18,41,22,20,37,21],"tags":[],"_links":{"self":[{"href":"https:\/\/ricardobarojaeskola.educacion.navarra.es\/web\/es\/wp-json\/wp\/v2\/posts\/11736"}],"collection":[{"href":"https:\/\/ricardobarojaeskola.educacion.navarra.es\/web\/es\/wp-json\/wp\/v2\/posts"}],"about":[{"href":"https:\/\/ricardobarojaeskola.educacion.navarra.es\/web\/es\/wp-json\/wp\/v2\/types\/post"}],"author":[{"embeddable":true,"href":"https:\/\/ricardobarojaeskola.educacion.navarra.es\/web\/es\/wp-json\/wp\/v2\/users\/1"}],"replies":[{"embeddable":true,"href":"https:\/\/ricardobarojaeskola.educacion.navarra.es\/web\/es\/wp-json\/wp\/v2\/comments?post=11736"}],"version-history":[{"count":2,"href":"https:\/\/ricardobarojaeskola.educacion.navarra.es\/web\/es\/wp-json\/wp\/v2\/posts\/11736\/revisions"}],"predecessor-version":[{"id":11745,"href":"https:\/\/ricardobarojaeskola.educacion.navarra.es\/web\/es\/wp-json\/wp\/v2\/posts\/11736\/revisions\/11745"}],"wp:featuredmedia":[{"embeddable":true,"href":"https:\/\/ricardobarojaeskola.educacion.navarra.es\/web\/es\/wp-json\/wp\/v2\/media\/11734"}],"wp:attachment":[{"href":"https:\/\/ricardobarojaeskola.educacion.navarra.es\/web\/es\/wp-json\/wp\/v2\/media?parent=11736"}],"wp:term":[{"taxonomy":"category","embeddable":true,"href":"https:\/\/ricardobarojaeskola.educacion.navarra.es\/web\/es\/wp-json\/wp\/v2\/categories?post=11736"},{"taxonomy":"post_tag","embeddable":true,"href":"https:\/\/ricardobarojaeskola.educacion.navarra.es\/web\/es\/wp-json\/wp\/v2\/tags?post=11736"}],"curies":[{"name":"wp","href":"https:\/\/api.w.org\/{rel}","templated":true}]}}