{"id":10495,"date":"2021-03-28T21:08:23","date_gmt":"2021-03-28T19:08:23","guid":{"rendered":"https:\/\/ricardobarojaeskola.educacion.navarra.es\/web\/blog\/2021\/03\/28\/lizuniagatik-lizaietara\/"},"modified":"2021-04-15T12:42:05","modified_gmt":"2021-04-15T10:42:05","slug":"lizuniagatik-lizaietara","status":"publish","type":"post","link":"https:\/\/ricardobarojaeskola.educacion.navarra.es\/web\/es\/blog\/2021\/03\/28\/lizuniagatik-lizaietara\/","title":{"rendered":"DE LIZUNIAGA A LIZAIETA"},"content":{"rendered":"\n<p>El 26 de marzo, viernes, alumnado y profesorado de tercer curso hicimos una salida monta\u00f1era. Subimos en autob\u00fas a Lizuniaga y desde all\u00ed fuimos andando hasta Lizaieta. All\u00ed hicimos el hamaiketako. Despu\u00e9s de jugar en esos bellos parajes volvimos a Lizuniaga a coger el autob\u00fas para volver a la escuela. \u00a1Lo pasamos genial!<\/p>\n\n\n\n<figure class=\"wp-block-image size-large\"><img loading=\"lazy\" width=\"1024\" height=\"487\" src=\"https:\/\/ricardobarojaeskola.educacion.navarra.es\/web\/wp-content\/uploads\/2021\/03\/Maite-A-orokorra-1-1024x487.jpeg\" alt=\"\" class=\"wp-image-10492\" srcset=\"https:\/\/ricardobarojaeskola.educacion.navarra.es\/web\/wp-content\/uploads\/2021\/03\/Maite-A-orokorra-1-1024x487.jpeg 1024w, https:\/\/ricardobarojaeskola.educacion.navarra.es\/web\/wp-content\/uploads\/2021\/03\/Maite-A-orokorra-1-300x143.jpeg 300w, https:\/\/ricardobarojaeskola.educacion.navarra.es\/web\/wp-content\/uploads\/2021\/03\/Maite-A-orokorra-1-768x365.jpeg 768w, https:\/\/ricardobarojaeskola.educacion.navarra.es\/web\/wp-content\/uploads\/2021\/03\/Maite-A-orokorra-1-1536x731.jpeg 1536w, https:\/\/ricardobarojaeskola.educacion.navarra.es\/web\/wp-content\/uploads\/2021\/03\/Maite-A-orokorra-1-568x270.jpeg 568w, https:\/\/ricardobarojaeskola.educacion.navarra.es\/web\/wp-content\/uploads\/2021\/03\/Maite-A-orokorra-1.jpeg 1600w\" sizes=\"(max-width: 1024px) 100vw, 1024px\" \/><\/figure>\n\n\n\n<figure class=\"wp-block-image size-large\"><img loading=\"lazy\" width=\"1024\" height=\"487\" src=\"https:\/\/ricardobarojaeskola.educacion.navarra.es\/web\/wp-content\/uploads\/2021\/03\/Maite-A2-1024x487.jpeg\" alt=\"\" class=\"wp-image-10477\" srcset=\"https:\/\/ricardobarojaeskola.educacion.navarra.es\/web\/wp-content\/uploads\/2021\/03\/Maite-A2-1024x487.jpeg 1024w, https:\/\/ricardobarojaeskola.educacion.navarra.es\/web\/wp-content\/uploads\/2021\/03\/Maite-A2-300x143.jpeg 300w, https:\/\/ricardobarojaeskola.educacion.navarra.es\/web\/wp-content\/uploads\/2021\/03\/Maite-A2-768x365.jpeg 768w, https:\/\/ricardobarojaeskola.educacion.navarra.es\/web\/wp-content\/uploads\/2021\/03\/Maite-A2-1536x731.jpeg 1536w, https:\/\/ricardobarojaeskola.educacion.navarra.es\/web\/wp-content\/uploads\/2021\/03\/Maite-A2-568x270.jpeg 568w, https:\/\/ricardobarojaeskola.educacion.navarra.es\/web\/wp-content\/uploads\/2021\/03\/Maite-A2.jpeg 1600w\" sizes=\"(max-width: 1024px) 100vw, 1024px\" \/><\/figure>\n\n\n\n<figure class=\"wp-block-image size-large\"><img loading=\"lazy\" width=\"1024\" height=\"487\" src=\"https:\/\/ricardobarojaeskola.educacion.navarra.es\/web\/wp-content\/uploads\/2021\/03\/Maite-A3-1024x487.jpeg\" alt=\"\" class=\"wp-image-10479\" srcset=\"https:\/\/ricardobarojaeskola.educacion.navarra.es\/web\/wp-content\/uploads\/2021\/03\/Maite-A3-1024x487.jpeg 1024w, https:\/\/ricardobarojaeskola.educacion.navarra.es\/web\/wp-content\/uploads\/2021\/03\/Maite-A3-300x143.jpeg 300w, https:\/\/ricardobarojaeskola.educacion.navarra.es\/web\/wp-content\/uploads\/2021\/03\/Maite-A3-768x365.jpeg 768w, https:\/\/ricardobarojaeskola.educacion.navarra.es\/web\/wp-content\/uploads\/2021\/03\/Maite-A3-1536x731.jpeg 1536w, https:\/\/ricardobarojaeskola.educacion.navarra.es\/web\/wp-content\/uploads\/2021\/03\/Maite-A3-568x270.jpeg 568w, https:\/\/ricardobarojaeskola.educacion.navarra.es\/web\/wp-content\/uploads\/2021\/03\/Maite-A3.jpeg 1600w\" sizes=\"(max-width: 1024px) 100vw, 1024px\" \/><\/figure>\n\n\n\n<figure class=\"wp-block-image size-large\"><img loading=\"lazy\" width=\"1024\" height=\"487\" src=\"https:\/\/ricardobarojaeskola.educacion.navarra.es\/web\/wp-content\/uploads\/2021\/03\/Maite-A4-1024x487.jpeg\" alt=\"\" class=\"wp-image-10481\" srcset=\"https:\/\/ricardobarojaeskola.educacion.navarra.es\/web\/wp-content\/uploads\/2021\/03\/Maite-A4-1024x487.jpeg 1024w, https:\/\/ricardobarojaeskola.educacion.navarra.es\/web\/wp-content\/uploads\/2021\/03\/Maite-A4-300x143.jpeg 300w, https:\/\/ricardobarojaeskola.educacion.navarra.es\/web\/wp-content\/uploads\/2021\/03\/Maite-A4-768x365.jpeg 768w, https:\/\/ricardobarojaeskola.educacion.navarra.es\/web\/wp-content\/uploads\/2021\/03\/Maite-A4-1536x731.jpeg 1536w, https:\/\/ricardobarojaeskola.educacion.navarra.es\/web\/wp-content\/uploads\/2021\/03\/Maite-A4-568x270.jpeg 568w, https:\/\/ricardobarojaeskola.educacion.navarra.es\/web\/wp-content\/uploads\/2021\/03\/Maite-A4.jpeg 1600w\" sizes=\"(max-width: 1024px) 100vw, 1024px\" \/><\/figure>\n\n\n\n<figure class=\"wp-block-image size-large\"><img loading=\"lazy\" width=\"1024\" height=\"487\" src=\"https:\/\/ricardobarojaeskola.educacion.navarra.es\/web\/wp-content\/uploads\/2021\/03\/Maite-A5-1024x487.jpeg\" alt=\"\" class=\"wp-image-10483\" srcset=\"https:\/\/ricardobarojaeskola.educacion.navarra.es\/web\/wp-content\/uploads\/2021\/03\/Maite-A5-1024x487.jpeg 1024w, https:\/\/ricardobarojaeskola.educacion.navarra.es\/web\/wp-content\/uploads\/2021\/03\/Maite-A5-300x143.jpeg 300w, https:\/\/ricardobarojaeskola.educacion.navarra.es\/web\/wp-content\/uploads\/2021\/03\/Maite-A5-768x365.jpeg 768w, https:\/\/ricardobarojaeskola.educacion.navarra.es\/web\/wp-content\/uploads\/2021\/03\/Maite-A5-1536x731.jpeg 1536w, https:\/\/ricardobarojaeskola.educacion.navarra.es\/web\/wp-content\/uploads\/2021\/03\/Maite-A5-568x270.jpeg 568w, https:\/\/ricardobarojaeskola.educacion.navarra.es\/web\/wp-content\/uploads\/2021\/03\/Maite-A5.jpeg 1600w\" sizes=\"(max-width: 1024px) 100vw, 1024px\" \/><\/figure>\n\n\n\n<figure class=\"wp-block-image size-large\"><img loading=\"lazy\" width=\"1024\" height=\"487\" src=\"https:\/\/ricardobarojaeskola.educacion.navarra.es\/web\/wp-content\/uploads\/2021\/03\/Maite-A6-1024x487.jpeg\" alt=\"\" class=\"wp-image-10485\" srcset=\"https:\/\/ricardobarojaeskola.educacion.navarra.es\/web\/wp-content\/uploads\/2021\/03\/Maite-A6-1024x487.jpeg 1024w, https:\/\/ricardobarojaeskola.educacion.navarra.es\/web\/wp-content\/uploads\/2021\/03\/Maite-A6-300x143.jpeg 300w, https:\/\/ricardobarojaeskola.educacion.navarra.es\/web\/wp-content\/uploads\/2021\/03\/Maite-A6-768x365.jpeg 768w, https:\/\/ricardobarojaeskola.educacion.navarra.es\/web\/wp-content\/uploads\/2021\/03\/Maite-A6-1536x731.jpeg 1536w, https:\/\/ricardobarojaeskola.educacion.navarra.es\/web\/wp-content\/uploads\/2021\/03\/Maite-A6-568x270.jpeg 568w, https:\/\/ricardobarojaeskola.educacion.navarra.es\/web\/wp-content\/uploads\/2021\/03\/Maite-A6.jpeg 1600w\" sizes=\"(max-width: 1024px) 100vw, 1024px\" \/><\/figure>\n\n\n\n<figure class=\"wp-block-image size-large\"><img loading=\"lazy\" width=\"1024\" height=\"487\" src=\"https:\/\/ricardobarojaeskola.educacion.navarra.es\/web\/wp-content\/uploads\/2021\/03\/Maite-A7-1024x487.jpeg\" alt=\"\" class=\"wp-image-10487\" srcset=\"https:\/\/ricardobarojaeskola.educacion.navarra.es\/web\/wp-content\/uploads\/2021\/03\/Maite-A7-1024x487.jpeg 1024w, https:\/\/ricardobarojaeskola.educacion.navarra.es\/web\/wp-content\/uploads\/2021\/03\/Maite-A7-300x143.jpeg 300w, https:\/\/ricardobarojaeskola.educacion.navarra.es\/web\/wp-content\/uploads\/2021\/03\/Maite-A7-768x365.jpeg 768w, https:\/\/ricardobarojaeskola.educacion.navarra.es\/web\/wp-content\/uploads\/2021\/03\/Maite-A7-1536x731.jpeg 1536w, https:\/\/ricardobarojaeskola.educacion.navarra.es\/web\/wp-content\/uploads\/2021\/03\/Maite-A7-568x270.jpeg 568w, https:\/\/ricardobarojaeskola.educacion.navarra.es\/web\/wp-content\/uploads\/2021\/03\/Maite-A7.jpeg 1600w\" sizes=\"(max-width: 1024px) 100vw, 1024px\" \/><\/figure>\n","protected":false},"excerpt":{"rendered":"<p>El 26 de marzo, viernes, alumnado y profesorado de tercer curso hicimos una salida monta\u00f1era. Subimos en autob\u00fas a Lizuniaga y desde all\u00ed fuimos andando hasta Lizaieta. All\u00ed hicimos el hamaiketako. Despu\u00e9s de jugar en esos bellos parajes volvimos a Lizuniaga a coger el autob\u00fas para volver a la escuela. \u00a1Lo pasamos genial!<\/p>\n","protected":false},"author":1,"featured_media":10476,"comment_status":"closed","ping_status":"closed","sticky":false,"template":"","format":"standard","meta":[],"categories":[72,16,18,37,1],"tags":[],"_links":{"self":[{"href":"https:\/\/ricardobarojaeskola.educacion.navarra.es\/web\/es\/wp-json\/wp\/v2\/posts\/10495"}],"collection":[{"href":"https:\/\/ricardobarojaeskola.educacion.navarra.es\/web\/es\/wp-json\/wp\/v2\/posts"}],"about":[{"href":"https:\/\/ricardobarojaeskola.educacion.navarra.es\/web\/es\/wp-json\/wp\/v2\/types\/post"}],"author":[{"embeddable":true,"href":"https:\/\/ricardobarojaeskola.educacion.navarra.es\/web\/es\/wp-json\/wp\/v2\/users\/1"}],"replies":[{"embeddable":true,"href":"https:\/\/ricardobarojaeskola.educacion.navarra.es\/web\/es\/wp-json\/wp\/v2\/comments?post=10495"}],"version-history":[{"count":5,"href":"https:\/\/ricardobarojaeskola.educacion.navarra.es\/web\/es\/wp-json\/wp\/v2\/posts\/10495\/revisions"}],"predecessor-version":[{"id":10541,"href":"https:\/\/ricardobarojaeskola.educacion.navarra.es\/web\/es\/wp-json\/wp\/v2\/posts\/10495\/revisions\/10541"}],"wp:featuredmedia":[{"embeddable":true,"href":"https:\/\/ricardobarojaeskola.educacion.navarra.es\/web\/es\/wp-json\/wp\/v2\/media\/10476"}],"wp:attachment":[{"href":"https:\/\/ricardobarojaeskola.educacion.navarra.es\/web\/es\/wp-json\/wp\/v2\/media?parent=10495"}],"wp:term":[{"taxonomy":"category","embeddable":true,"href":"https:\/\/ricardobarojaeskola.educacion.navarra.es\/web\/es\/wp-json\/wp\/v2\/categories?post=10495"},{"taxonomy":"post_tag","embeddable":true,"href":"https:\/\/ricardobarojaeskola.educacion.navarra.es\/web\/es\/wp-json\/wp\/v2\/tags?post=10495"}],"curies":[{"name":"wp","href":"https:\/\/api.w.org\/{rel}","templated":true}]}}